{"id":6318,"date":"2026-08-31T17:01:00","date_gmt":"2026-08-31T15:01:00","guid":{"rendered":"https:\/\/www.weinfreunde-unterland.at\/wordpress\/?p=6318"},"modified":"2026-09-03T11:34:00","modified_gmt":"2026-09-03T09:34:00","slug":"genuss-unterland-2026","status":"publish","type":"post","link":"https:\/\/www.weinfreunde-unterland.at\/wordpress\/genuss-unterland-2026\/","title":{"rendered":"Genuss Unterland 2026"},"content":{"rendered":"\n<p class=\"wp-block-paragraph\">In Anlehnung an die legend\u00e4ren&nbsp;<strong>\u201eGenuss hoch sieben\u201c-Events in G\u00f6ttlesbrunn<\/strong>&nbsp;vor vielen Jahren, organisiert der harte Kern der Weinfreunde Unterland nun schon zum wiederholten Mal eine kleine, aber feine Kopie dieses legend\u00e4ren Formats.<\/p>\n\n\n\n<p class=\"wp-block-paragraph\">Auch wenn wir uns aus Zeit- und Organisationsgr\u00fcnden nicht bei sieben Gastgebern mit Wein und Lukullischem verw\u00f6hnen lassen, ist die Grundidee doch dieselbe:<\/p>\n\n\n\n<p class=\"wp-block-paragraph\">Wir starten am fr\u00fchen Nachmittag bei unseren ersten Weinfreunde-Gastgebern und absolvieren anschlie\u00dfend zwei oder drei weitere Stationen im Tiroler Unterland, bis wir den Abend zur Nacht machen und diese \u2013 gut ges\u00e4ttigt und mit besten Weinen gef\u00fcllt \u2013 irgendwann ausklingen lassen.<\/p>\n\n\n\n<p class=\"wp-block-paragraph\"><strong>Start war am Samstag, 30. August, bei Gabi &amp; Joe in S\u00f6ll.<\/strong><\/p>\n\n\n\n<p class=\"wp-block-paragraph\">Gabi kredenzte uns mehrere Amuse-Gueules, gekr\u00f6nt vom Backhendl auf Erd\u00e4pfelsalat. Dazu wurde ordentlich eingeschenkt: Ros\u00e9 Ca\u2019 del Bosco aus der Franciacorta, Gr\u00fcner Veltliner von Prager, Pinot Noir von Studach, Sprecher von Bernegg sowie Kloster Sion Klingnau.<\/p>\n\n\n\n<figure class=\"wp-block-gallery has-nested-images columns-default is-cropped wp-block-gallery-1 is-layout-flex wp-block-gallery-is-layout-flex\">\n<figure class=\"wp-block-image size-large\"><img loading=\"lazy\" decoding=\"async\" width=\"1024\" height=\"889\" data-id=\"6320\" src=\"https:\/\/www.weinfreunde-unterland.at\/wordpress\/wp-content\/uploads\/2026\/09\/IMG_5156-1024x889.jpeg\" alt=\"\" class=\"wp-image-6320\" srcset=\"https:\/\/www.weinfreunde-unterland.at\/wordpress\/wp-content\/uploads\/2026\/09\/IMG_5156-1024x889.jpeg 1024w, https:\/\/www.weinfreunde-unterland.at\/wordpress\/wp-content\/uploads\/2026\/09\/IMG_5156-300x260.jpeg 300w, https:\/\/www.weinfreunde-unterland.at\/wordpress\/wp-content\/uploads\/2026\/09\/IMG_5156-768x666.jpeg 768w, https:\/\/www.weinfreunde-unterland.at\/wordpress\/wp-content\/uploads\/2026\/09\/IMG_5156-1536x1333.jpeg 1536w, https:\/\/www.weinfreunde-unterland.at\/wordpress\/wp-content\/uploads\/2026\/09\/IMG_5156-2048x1777.jpeg 2048w\" sizes=\"auto, (max-width: 1024px) 100vw, 1024px\" \/><\/figure>\n\n\n\n<figure class=\"wp-block-image size-large\"><img loading=\"lazy\" decoding=\"async\" width=\"694\" height=\"1024\" data-id=\"6321\" src=\"https:\/\/www.weinfreunde-unterland.at\/wordpress\/wp-content\/uploads\/2026\/09\/IMG_5157-694x1024.jpeg\" alt=\"\" class=\"wp-image-6321\" srcset=\"https:\/\/www.weinfreunde-unterland.at\/wordpress\/wp-content\/uploads\/2026\/09\/IMG_5157-694x1024.jpeg 694w, https:\/\/www.weinfreunde-unterland.at\/wordpress\/wp-content\/uploads\/2026\/09\/IMG_5157-203x300.jpeg 203w, https:\/\/www.weinfreunde-unterland.at\/wordpress\/wp-content\/uploads\/2026\/09\/IMG_5157-768x1134.jpeg 768w, https:\/\/www.weinfreunde-unterland.at\/wordpress\/wp-content\/uploads\/2026\/09\/IMG_5157-1040x1536.jpeg 1040w, https:\/\/www.weinfreunde-unterland.at\/wordpress\/wp-content\/uploads\/2026\/09\/IMG_5157-1387x2048.jpeg 1387w, https:\/\/www.weinfreunde-unterland.at\/wordpress\/wp-content\/uploads\/2026\/09\/IMG_5157-scaled.jpeg 1734w\" sizes=\"auto, (max-width: 694px) 100vw, 694px\" \/><\/figure>\n\n\n\n<figure class=\"wp-block-image size-large\"><img loading=\"lazy\" decoding=\"async\" width=\"653\" height=\"1024\" data-id=\"6322\" src=\"https:\/\/www.weinfreunde-unterland.at\/wordpress\/wp-content\/uploads\/2026\/09\/IMG_5158-653x1024.jpeg\" alt=\"\" class=\"wp-image-6322\" srcset=\"https:\/\/www.weinfreunde-unterland.at\/wordpress\/wp-content\/uploads\/2026\/09\/IMG_5158-653x1024.jpeg 653w, https:\/\/www.weinfreunde-unterland.at\/wordpress\/wp-content\/uploads\/2026\/09\/IMG_5158-191x300.jpeg 191w, https:\/\/www.weinfreunde-unterland.at\/wordpress\/wp-content\/uploads\/2026\/09\/IMG_5158-768x1204.jpeg 768w, https:\/\/www.weinfreunde-unterland.at\/wordpress\/wp-content\/uploads\/2026\/09\/IMG_5158-980x1536.jpeg 980w, https:\/\/www.weinfreunde-unterland.at\/wordpress\/wp-content\/uploads\/2026\/09\/IMG_5158-1306x2048.jpeg 1306w, https:\/\/www.weinfreunde-unterland.at\/wordpress\/wp-content\/uploads\/2026\/09\/IMG_5158-scaled.jpeg 1633w\" sizes=\"auto, (max-width: 653px) 100vw, 653px\" \/><\/figure>\n\n\n\n<figure class=\"wp-block-image size-large\"><img loading=\"lazy\" decoding=\"async\" width=\"1024\" height=\"771\" data-id=\"6323\" src=\"https:\/\/www.weinfreunde-unterland.at\/wordpress\/wp-content\/uploads\/2026\/09\/IMG_5159-1024x771.jpeg\" alt=\"\" class=\"wp-image-6323\" srcset=\"https:\/\/www.weinfreunde-unterland.at\/wordpress\/wp-content\/uploads\/2026\/09\/IMG_5159-1024x771.jpeg 1024w, https:\/\/www.weinfreunde-unterland.at\/wordpress\/wp-content\/uploads\/2026\/09\/IMG_5159-300x226.jpeg 300w, https:\/\/www.weinfreunde-unterland.at\/wordpress\/wp-content\/uploads\/2026\/09\/IMG_5159-768x578.jpeg 768w, https:\/\/www.weinfreunde-unterland.at\/wordpress\/wp-content\/uploads\/2026\/09\/IMG_5159-1536x1157.jpeg 1536w, https:\/\/www.weinfreunde-unterland.at\/wordpress\/wp-content\/uploads\/2026\/09\/IMG_5159-2048x1543.jpeg 2048w\" sizes=\"auto, (max-width: 1024px) 100vw, 1024px\" \/><\/figure>\n\n\n\n<figure class=\"wp-block-image size-large\"><img loading=\"lazy\" decoding=\"async\" width=\"782\" height=\"1024\" data-id=\"6324\" src=\"https:\/\/www.weinfreunde-unterland.at\/wordpress\/wp-content\/uploads\/2026\/09\/IMG_5160-782x1024.jpeg\" alt=\"\" class=\"wp-image-6324\" srcset=\"https:\/\/www.weinfreunde-unterland.at\/wordpress\/wp-content\/uploads\/2026\/09\/IMG_5160-782x1024.jpeg 782w, https:\/\/www.weinfreunde-unterland.at\/wordpress\/wp-content\/uploads\/2026\/09\/IMG_5160-229x300.jpeg 229w, https:\/\/www.weinfreunde-unterland.at\/wordpress\/wp-content\/uploads\/2026\/09\/IMG_5160-768x1006.jpeg 768w, https:\/\/www.weinfreunde-unterland.at\/wordpress\/wp-content\/uploads\/2026\/09\/IMG_5160-1172x1536.jpeg 1172w, https:\/\/www.weinfreunde-unterland.at\/wordpress\/wp-content\/uploads\/2026\/09\/IMG_5160-1563x2048.jpeg 1563w, https:\/\/www.weinfreunde-unterland.at\/wordpress\/wp-content\/uploads\/2026\/09\/IMG_5160-scaled.jpeg 1954w\" sizes=\"auto, (max-width: 782px) 100vw, 782px\" \/><\/figure>\n<\/figure>\n\n\n\n<p class=\"wp-block-paragraph\">Alles ganz sch\u00f6n lecker, wie wir durchaus wohlwollend feststellen durften.<\/p>\n\n\n\n<p class=\"wp-block-paragraph\"><strong>Gegen 16:00 Uhr checkten wir dann bei Sabine &amp; Werner am Anzenstein ein.<\/strong><\/p>\n\n\n\n<p class=\"wp-block-paragraph\">Dort sollte es uns selbstverst\u00e4ndlich auch um keinen Deut schlechter gehen als an Station #1. Das Highlight war zweifellos der&nbsp;<strong>on point gegrillte Oktopus<\/strong>&nbsp;\u2013 flankiert von zahlreichen Weinen unseres Winzerfreundes Gerhard Markowitsch: Ros\u00e9, Kirchweingarten, Rosenberg, M1 und noch einiges mehr.<\/p>\n\n\n\n<figure class=\"wp-block-gallery has-nested-images columns-default is-cropped wp-block-gallery-2 is-layout-flex wp-block-gallery-is-layout-flex\">\n<figure class=\"wp-block-image size-large\"><img loading=\"lazy\" decoding=\"async\" width=\"631\" height=\"1024\" data-id=\"6325\" src=\"https:\/\/www.weinfreunde-unterland.at\/wordpress\/wp-content\/uploads\/2026\/09\/IMG_5161-631x1024.jpeg\" alt=\"\" class=\"wp-image-6325\" srcset=\"https:\/\/www.weinfreunde-unterland.at\/wordpress\/wp-content\/uploads\/2026\/09\/IMG_5161-631x1024.jpeg 631w, https:\/\/www.weinfreunde-unterland.at\/wordpress\/wp-content\/uploads\/2026\/09\/IMG_5161-185x300.jpeg 185w, https:\/\/www.weinfreunde-unterland.at\/wordpress\/wp-content\/uploads\/2026\/09\/IMG_5161-768x1246.jpeg 768w, https:\/\/www.weinfreunde-unterland.at\/wordpress\/wp-content\/uploads\/2026\/09\/IMG_5161-947x1536.jpeg 947w, https:\/\/www.weinfreunde-unterland.at\/wordpress\/wp-content\/uploads\/2026\/09\/IMG_5161-1262x2048.jpeg 1262w, https:\/\/www.weinfreunde-unterland.at\/wordpress\/wp-content\/uploads\/2026\/09\/IMG_5161-scaled.jpeg 1578w\" sizes=\"auto, (max-width: 631px) 100vw, 631px\" \/><\/figure>\n\n\n\n<figure class=\"wp-block-image size-large\"><img loading=\"lazy\" decoding=\"async\" width=\"925\" height=\"1024\" data-id=\"6326\" src=\"https:\/\/www.weinfreunde-unterland.at\/wordpress\/wp-content\/uploads\/2026\/09\/IMG_5163-925x1024.jpeg\" alt=\"\" class=\"wp-image-6326\" srcset=\"https:\/\/www.weinfreunde-unterland.at\/wordpress\/wp-content\/uploads\/2026\/09\/IMG_5163-925x1024.jpeg 925w, https:\/\/www.weinfreunde-unterland.at\/wordpress\/wp-content\/uploads\/2026\/09\/IMG_5163-271x300.jpeg 271w, https:\/\/www.weinfreunde-unterland.at\/wordpress\/wp-content\/uploads\/2026\/09\/IMG_5163-768x850.jpeg 768w\" sizes=\"auto, (max-width: 925px) 100vw, 925px\" \/><\/figure>\n\n\n\n<figure class=\"wp-block-image size-large\"><img loading=\"lazy\" decoding=\"async\" width=\"768\" height=\"1024\" data-id=\"6327\" src=\"https:\/\/www.weinfreunde-unterland.at\/wordpress\/wp-content\/uploads\/2026\/09\/IMG_5164-768x1024.jpeg\" alt=\"\" class=\"wp-image-6327\" srcset=\"https:\/\/www.weinfreunde-unterland.at\/wordpress\/wp-content\/uploads\/2026\/09\/IMG_5164-768x1024.jpeg 768w, https:\/\/www.weinfreunde-unterland.at\/wordpress\/wp-content\/uploads\/2026\/09\/IMG_5164-225x300.jpeg 225w, https:\/\/www.weinfreunde-unterland.at\/wordpress\/wp-content\/uploads\/2026\/09\/IMG_5164-scaled.jpeg 1920w\" sizes=\"auto, (max-width: 768px) 100vw, 768px\" \/><\/figure>\n\n\n\n<figure class=\"wp-block-image size-large\"><img loading=\"lazy\" decoding=\"async\" width=\"971\" height=\"1024\" data-id=\"6328\" src=\"https:\/\/www.weinfreunde-unterland.at\/wordpress\/wp-content\/uploads\/2026\/09\/IMG_5165-971x1024.jpeg\" alt=\"\" class=\"wp-image-6328\" srcset=\"https:\/\/www.weinfreunde-unterland.at\/wordpress\/wp-content\/uploads\/2026\/09\/IMG_5165-971x1024.jpeg 971w, https:\/\/www.weinfreunde-unterland.at\/wordpress\/wp-content\/uploads\/2026\/09\/IMG_5165-284x300.jpeg 284w, https:\/\/www.weinfreunde-unterland.at\/wordpress\/wp-content\/uploads\/2026\/09\/IMG_5165-768x810.jpeg 768w, https:\/\/www.weinfreunde-unterland.at\/wordpress\/wp-content\/uploads\/2026\/09\/IMG_5165-1456x1536.jpeg 1456w, https:\/\/www.weinfreunde-unterland.at\/wordpress\/wp-content\/uploads\/2026\/09\/IMG_5165-1942x2048.jpeg 1942w\" sizes=\"auto, (max-width: 971px) 100vw, 971px\" \/><\/figure>\n<\/figure>\n\n\n\n<p class=\"wp-block-paragraph\">Ratzfatz vergingen die Stunden, sodass wir gegen 20:00 Uhr unsere finale Station in Oberlangkampfen bei Anita &amp; Markus anpeilten.<\/p>\n\n\n\n<p class=\"wp-block-paragraph\">Hier fand unser&nbsp;<strong>Genuss Unterland 2026<\/strong>&nbsp;schlie\u00dflich seinen kr\u00f6nenden Abschluss bei einer z\u00fcnftigen Speck- und K\u00e4sejause.<\/p>\n\n\n\n<p class=\"wp-block-paragraph\">Vinophil flankiert wurden die K\u00f6stlichkeiten von einigen ausgesprochen feinen \u201eAbsacker-Weinen\u201c \u2013 ein eigentlich ziemlich schlimmes Wort f\u00fcr so sch\u00f6ne Weine:<\/p>\n\n\n\n<figure class=\"wp-block-gallery has-nested-images columns-default is-cropped wp-block-gallery-3 is-layout-flex wp-block-gallery-is-layout-flex\">\n<figure class=\"wp-block-image size-large\"><img loading=\"lazy\" decoding=\"async\" width=\"1024\" height=\"926\" data-id=\"6329\" src=\"https:\/\/www.weinfreunde-unterland.at\/wordpress\/wp-content\/uploads\/2026\/09\/IMG_5166-1024x926.jpeg\" alt=\"\" class=\"wp-image-6329\" srcset=\"https:\/\/www.weinfreunde-unterland.at\/wordpress\/wp-content\/uploads\/2026\/09\/IMG_5166-1024x926.jpeg 1024w, https:\/\/www.weinfreunde-unterland.at\/wordpress\/wp-content\/uploads\/2026\/09\/IMG_5166-300x271.jpeg 300w, https:\/\/www.weinfreunde-unterland.at\/wordpress\/wp-content\/uploads\/2026\/09\/IMG_5166-768x694.jpeg 768w, https:\/\/www.weinfreunde-unterland.at\/wordpress\/wp-content\/uploads\/2026\/09\/IMG_5166-1536x1389.jpeg 1536w, https:\/\/www.weinfreunde-unterland.at\/wordpress\/wp-content\/uploads\/2026\/09\/IMG_5166-2048x1852.jpeg 2048w\" sizes=\"auto, (max-width: 1024px) 100vw, 1024px\" \/><\/figure>\n\n\n\n<figure class=\"wp-block-image size-large\"><img loading=\"lazy\" decoding=\"async\" width=\"749\" height=\"1024\" data-id=\"6330\" src=\"https:\/\/www.weinfreunde-unterland.at\/wordpress\/wp-content\/uploads\/2026\/09\/IMG_5167-749x1024.jpeg\" alt=\"\" class=\"wp-image-6330\" srcset=\"https:\/\/www.weinfreunde-unterland.at\/wordpress\/wp-content\/uploads\/2026\/09\/IMG_5167-749x1024.jpeg 749w, https:\/\/www.weinfreunde-unterland.at\/wordpress\/wp-content\/uploads\/2026\/09\/IMG_5167-220x300.jpeg 220w, https:\/\/www.weinfreunde-unterland.at\/wordpress\/wp-content\/uploads\/2026\/09\/IMG_5167-768x1049.jpeg 768w, https:\/\/www.weinfreunde-unterland.at\/wordpress\/wp-content\/uploads\/2026\/09\/IMG_5167-scaled.jpeg 1874w\" sizes=\"auto, (max-width: 749px) 100vw, 749px\" \/><\/figure>\n\n\n\n<figure class=\"wp-block-image size-large\"><img loading=\"lazy\" decoding=\"async\" width=\"1024\" height=\"876\" data-id=\"6331\" src=\"https:\/\/www.weinfreunde-unterland.at\/wordpress\/wp-content\/uploads\/2026\/09\/IMG_5168-1024x876.jpeg\" alt=\"\" class=\"wp-image-6331\" srcset=\"https:\/\/www.weinfreunde-unterland.at\/wordpress\/wp-content\/uploads\/2026\/09\/IMG_5168-1024x876.jpeg 1024w, https:\/\/www.weinfreunde-unterland.at\/wordpress\/wp-content\/uploads\/2026\/09\/IMG_5168-300x257.jpeg 300w, https:\/\/www.weinfreunde-unterland.at\/wordpress\/wp-content\/uploads\/2026\/09\/IMG_5168-768x657.jpeg 768w\" sizes=\"auto, (max-width: 1024px) 100vw, 1024px\" \/><\/figure>\n\n\n\n<figure class=\"wp-block-image size-large\"><img loading=\"lazy\" decoding=\"async\" width=\"929\" height=\"944\" data-id=\"6332\" src=\"https:\/\/www.weinfreunde-unterland.at\/wordpress\/wp-content\/uploads\/2026\/09\/f70aba06-8a5f-4a49-ad73-56b4733ed97a.jpeg\" alt=\"\" class=\"wp-image-6332\" srcset=\"https:\/\/www.weinfreunde-unterland.at\/wordpress\/wp-content\/uploads\/2026\/09\/f70aba06-8a5f-4a49-ad73-56b4733ed97a.jpeg 929w, https:\/\/www.weinfreunde-unterland.at\/wordpress\/wp-content\/uploads\/2026\/09\/f70aba06-8a5f-4a49-ad73-56b4733ed97a-295x300.jpeg 295w, https:\/\/www.weinfreunde-unterland.at\/wordpress\/wp-content\/uploads\/2026\/09\/f70aba06-8a5f-4a49-ad73-56b4733ed97a-768x780.jpeg 768w\" sizes=\"auto, (max-width: 929px) 100vw, 929px\" \/><\/figure>\n<\/figure>\n\n\n\n<p class=\"wp-block-paragraph\"><strong>Admiral von P\u00f6ckl, Titan von Tesch, Phantom von Kirnbauer, Pinot Noir von Castel Sallegg, Pinot Noir von Lageder<\/strong>&nbsp;und einige weitere fl\u00fcssige Gr\u00fcnde, den Abend noch ein wenig zu verl\u00e4ngern.<\/p>\n\n\n\n<p class=\"wp-block-paragraph\">Tapfer hielten wir \u2013 oder zumindest die meisten von uns \u2013 die Stellung bis gegen&nbsp;<strong>3:00 Uhr morgens<\/strong>.<\/p>\n\n\n\n<p class=\"wp-block-paragraph\">Dann war es aber wirklich Zeit, unser&nbsp;<strong>Genuss Unterland 2026<\/strong>&nbsp;zu beenden.<\/p>\n\n\n\n<p class=\"wp-block-paragraph\">Ein Nachmittag, ein Abend, eine Nacht.<br>Drei Stationen. Jede Menge Kulinarik. Noch mehr Wein.<br>Und wieder einmal die Erkenntnis:<\/p>\n\n\n\n<p class=\"wp-block-paragraph\"><strong>Es gibt schlimmere Arten, einen Samstag zu verbringen.<\/strong><\/p>\n","protected":false},"excerpt":{"rendered":"<p>In Anlehnung an die legend\u00e4ren\u00a0\u201eGenuss hoch sieben\u201c-Events in G\u00f6ttlesbrunn\u00a0vor vielen Jahren, organisiert der harte Kern der Weinfreunde Unterland nun schon zum wiederholten Mal eine kleine, aber feine Kopie dieses legend\u00e4ren Formats.<\/p>\n","protected":false},"author":8,"featured_media":6332,"comment_status":"open","ping_status":"open","sticky":false,"template":"","format":"standard","meta":{"ngg_post_thumbnail":0,"footnotes":""},"categories":[48],"tags":[],"class_list":["post-6318","post","type-post","status-publish","format-standard","has-post-thumbnail","hentry","category-vereinsleben"],"_links":{"self":[{"href":"https:\/\/www.weinfreunde-unterland.at\/wordpress\/wp-json\/wp\/v2\/posts\/6318","targetHints":{"allow":["GET"]}}],"collection":[{"href":"https:\/\/www.weinfreunde-unterland.at\/wordpress\/wp-json\/wp\/v2\/posts"}],"about":[{"href":"https:\/\/www.weinfreunde-unterland.at\/wordpress\/wp-json\/wp\/v2\/types\/post"}],"author":[{"embeddable":true,"href":"https:\/\/www.weinfreunde-unterland.at\/wordpress\/wp-json\/wp\/v2\/users\/8"}],"replies":[{"embeddable":true,"href":"https:\/\/www.weinfreunde-unterland.at\/wordpress\/wp-json\/wp\/v2\/comments?post=6318"}],"version-history":[{"count":2,"href":"https:\/\/www.weinfreunde-unterland.at\/wordpress\/wp-json\/wp\/v2\/posts\/6318\/revisions"}],"predecessor-version":[{"id":6334,"href":"https:\/\/www.weinfreunde-unterland.at\/wordpress\/wp-json\/wp\/v2\/posts\/6318\/revisions\/6334"}],"wp:featuredmedia":[{"embeddable":true,"href":"https:\/\/www.weinfreunde-unterland.at\/wordpress\/wp-json\/wp\/v2\/media\/6332"}],"wp:attachment":[{"href":"https:\/\/www.weinfreunde-unterland.at\/wordpress\/wp-json\/wp\/v2\/media?parent=6318"}],"wp:term":[{"taxonomy":"category","embeddable":true,"href":"https:\/\/www.weinfreunde-unterland.at\/wordpress\/wp-json\/wp\/v2\/categories?post=6318"},{"taxonomy":"post_tag","embeddable":true,"href":"https:\/\/www.weinfreunde-unterland.at\/wordpress\/wp-json\/wp\/v2\/tags?post=6318"}],"curies":[{"name":"wp","href":"https:\/\/api.w.org\/{rel}","templated":true}]}}