{"id":562,"date":"2009-06-12T09:30:22","date_gmt":"2009-06-12T07:30:22","guid":{"rendered":"http:\/\/www.weinfreunde-unterland.at\/wordpress\/?p=562"},"modified":"2009-06-19T15:33:29","modified_gmt":"2009-06-19T13:33:29","slug":"weinland-kroatien","status":"publish","type":"post","link":"https:\/\/www.weinfreunde-unterland.at\/wordpress\/weinland-kroatien\/","title":{"rendered":"Weinland Kroatien"},"content":{"rendered":"<p>Anl\u00e4\u00dflich eines einw\u00f6chigen Badeurlaubes in Kroatien lie\u00dfen wir uns nat\u00fcrlich nicht die Gelegenheit entgehen, einige der hierzulande nahezu unbekannten kroatischen Weine zu verkosten und uns dar\u00fcber zu informieren.<\/p>\n<p>Die Halbinsel Istrien wird nicht nur wegen ihrer Landschaft &#8222;kroatische Toskana&#8220; genannt: Neben Tr\u00fcffeln, Oliven\u00f6l, lufgetrocknetem Schinken &#8211; der keineswegs einen Vergleich mit Parma-Schinken zu scheuen braucht &#8211; und Schafsk\u00e4se wird dort auf ca. 6.000 Hektar auch der ein oder andere interessante Wein produziert. Der Weinbau wurde offenbar in der K.u.K.-Zeit vom \u00f6sterreichischen Hof in Kroatien forciert und seinerzeit betrugen die Anbaufl\u00e4chen \u00fcber 30.000 Hektar.<\/p>\n<p>Generell sind die Anbaugebiete Istriens in zwei Zonen zu unterteilen: Anbaugebiete mit &#8222;wei\u00dfer Erde&#8220; im Landesinneren und Anbaugebiete mit &#8222;roter Erde&#8220; in K\u00fcstenn\u00e4he. Bei der &#8222;roten Erde&#8220; handelt es sich um besonders eisenh\u00e4ltige Lehmb\u00f6den, die durch ihre Beschaffenheit den Weinen besondere Charakteristika verleihen. Bei den Wei\u00dfweinen dominieren Malvasia und Muskateller &#8211; bei den Rotweinen ist neben internationalen Sorten vor allem der Teran (Refosco-Traube) erw\u00e4henswert.<\/p>\n<p>Von eben diesem Teran konnten wir die Produkte von vier Winzern vergleichen, wobei jedesmal der Vergleich zwischen wei\u00dfer und roter Erde im Mittelpunkt stand. Es muss nat\u00fcrlich erw\u00e4hnt werden, dass es sich dabei nicht um die ganz gro\u00dfen Gew\u00e4chse Europas handelt, dennoch waren wir &#8211; wohl auch aufgrund der fehlenden Vorinformationen &#8211; positiv \u00fcberrascht: Die Weine pr\u00e4sentierten sich durchaus mit sch\u00f6ner rubinroter Farbe im Glas. Neben duftigen Beerenaromen kamen auch angenehme erdige T\u00f6ne und &#8211; je nach Ausbau &#8211; feine Holznoten in die Nase. Eine mittelgro\u00dfe, kr\u00e4ftige Tanninstruktur, eine beachtliche F\u00fclle am Gaumen sowie gut eingebundener Alkohol &#8211; zwischen 12 % und 13 % &#8211; wurden von einem mittleren bis langen Abgang begleitet. Die Weine waren im Restaurant umgerechnet zwischen \u20ac 22,- und \u20ac 27,- bzw. in der Vinothek zwischen \u20ac 11,- und \u20ac 13,- zu bekommen und zeichneten sich damit durch ein sehr gutes Preis-Leistungs-Verh\u00e4ltnis aus.<\/p>\n<figure id=\"attachment_569\" aria-describedby=\"caption-attachment-569\" style=\"width: 300px\" class=\"wp-caption alignleft\"><a href=\"https:\/\/www.weinfreunde-unterland.at\/wordpress\/wp-content\/uploads\/2009\/06\/kroatien09-127.jpg\"><img loading=\"lazy\" decoding=\"async\" class=\"size-medium wp-image-569\" title=\"Weinservice Kroatien\" src=\"https:\/\/www.weinfreunde-unterland.at\/wordpress\/wp-content\/uploads\/2009\/06\/kroatien09-127-300x238.jpg\" alt=\"Edi bei der Arbeit\" width=\"300\" height=\"238\" srcset=\"https:\/\/www.weinfreunde-unterland.at\/wordpress\/wp-content\/uploads\/2009\/06\/kroatien09-127-300x238.jpg 300w, https:\/\/www.weinfreunde-unterland.at\/wordpress\/wp-content\/uploads\/2009\/06\/kroatien09-127.jpg 800w\" sizes=\"auto, (max-width: 300px) 100vw, 300px\" \/><\/a><figcaption id=\"caption-attachment-569\" class=\"wp-caption-text\">Edi bei der Arbeit<\/figcaption><\/figure>\n<p>Ein ganz besonderer Dank gilt unserem Sommelier Edi, der uns im Strandrestaurant La Valeta unseres <a href=\"http:\/\/www.valamar.com\/de\/club-tamaris-porec\/\" target=\"_blank\">Hotels Valamar Tamaris <\/a>nicht nur die Weine perfekt servierte sondern auch einen Gro\u00dfteil der o.a. Informationen lieferte. Hier k\u00f6nnten sich einige Restaurants in \u00d6sterreich durchaus ein Beispiel nehmen: Anhand der kleinen, feinen Weinkarte wurden wir umfassend beraten, die Weine wurden vor dem \u00d6ffnen pr\u00e4sentiert und Kork und Kapsel auf einem eigenen Teller zur \u00dcberpr\u00fcfung gereicht. Nach der Verkostung durch den Sommelier und den jeweiligen &#8222;Chef&#8220; unserer Runde wurden die Weine am Beistelltisch \u00fcber einer Kerze langsam dekantiert und anschlie\u00dfend perfekt (Reihenfolge, K\u00f6rperhaltung, F\u00fchrung des Dekanters etc.) eingeschenkt. Doch insbesondere die Freude und den Stolz von Edi, uns Weine aus seiner Heimat Istrien pr\u00e4sentieren und einschenken zu d\u00fcrfen, hat uns beeindruckt.<\/p>\n<p>Mit kroatischen Weinen au\u00dferhalb Istriens &#8211; z.B. aus Dalmatien &#8211; konnten wir uns in der kurzen Zeit leider nicht besch\u00e4ftigen.<\/p>\n","protected":false},"excerpt":{"rendered":"<p>Anl\u00e4\u00dflich eines einw\u00f6chigen Badeurlaubes in Kroatien lie\u00dfen wir uns nat\u00fcrlich nicht die Gelegenheit entgehen, einige der hierzulande nahezu unbekannten kroatischen Weine zu verkosten und uns dar\u00fcber zu informieren.<br \/>\nDie Halbinsel Istrien wird nicht nur wegen ihrer Landschaft &#8222;kroatische Toskana&#8220; genannt: [&#8230;]<\/p>\n","protected":false},"author":1,"featured_media":0,"comment_status":"open","ping_status":"open","sticky":false,"template":"","format":"standard","meta":{"ngg_post_thumbnail":0,"footnotes":""},"categories":[9],"tags":[],"class_list":["post-562","post","type-post","status-publish","format-standard","hentry","category-weine"],"_links":{"self":[{"href":"https:\/\/www.weinfreunde-unterland.at\/wordpress\/wp-json\/wp\/v2\/posts\/562","targetHints":{"allow":["GET"]}}],"collection":[{"href":"https:\/\/www.weinfreunde-unterland.at\/wordpress\/wp-json\/wp\/v2\/posts"}],"about":[{"href":"https:\/\/www.weinfreunde-unterland.at\/wordpress\/wp-json\/wp\/v2\/types\/post"}],"author":[{"embeddable":true,"href":"https:\/\/www.weinfreunde-unterland.at\/wordpress\/wp-json\/wp\/v2\/users\/1"}],"replies":[{"embeddable":true,"href":"https:\/\/www.weinfreunde-unterland.at\/wordpress\/wp-json\/wp\/v2\/comments?post=562"}],"version-history":[{"count":14,"href":"https:\/\/www.weinfreunde-unterland.at\/wordpress\/wp-json\/wp\/v2\/posts\/562\/revisions"}],"predecessor-version":[{"id":571,"href":"https:\/\/www.weinfreunde-unterland.at\/wordpress\/wp-json\/wp\/v2\/posts\/562\/revisions\/571"}],"wp:attachment":[{"href":"https:\/\/www.weinfreunde-unterland.at\/wordpress\/wp-json\/wp\/v2\/media?parent=562"}],"wp:term":[{"taxonomy":"category","embeddable":true,"href":"https:\/\/www.weinfreunde-unterland.at\/wordpress\/wp-json\/wp\/v2\/categories?post=562"},{"taxonomy":"post_tag","embeddable":true,"href":"https:\/\/www.weinfreunde-unterland.at\/wordpress\/wp-json\/wp\/v2\/tags?post=562"}],"curies":[{"name":"wp","href":"https:\/\/api.w.org\/{rel}","templated":true}]}}