{"id":5156,"date":"2022-11-01T07:05:00","date_gmt":"2022-11-01T06:05:00","guid":{"rendered":"https:\/\/www.weinfreunde-unterland.at\/wordpress\/?p=5156"},"modified":"2022-10-31T12:25:32","modified_gmt":"2022-10-31T11:25:32","slug":"weinbaugebiet-franken-mehr-als-nur-silvaner-im-bocksbeutel","status":"publish","type":"post","link":"https:\/\/www.weinfreunde-unterland.at\/wordpress\/weinbaugebiet-franken-mehr-als-nur-silvaner-im-bocksbeutel\/","title":{"rendered":"Weinbaugebiet Franken &#8211; mehr als nur Silvaner im Bocksbeutel"},"content":{"rendered":"\n<div class=\"wp-block-media-text alignwide is-stacked-on-mobile\" style=\"grid-template-columns:42% auto\"><figure class=\"wp-block-media-text__media\"><img loading=\"lazy\" decoding=\"async\" width=\"1024\" height=\"768\" src=\"https:\/\/www.weinfreunde-unterland.at\/wordpress\/wp-content\/uploads\/2022\/09\/franken1-1024x768.jpg\" alt=\"\" class=\"wp-image-5155 size-full\" srcset=\"https:\/\/www.weinfreunde-unterland.at\/wordpress\/wp-content\/uploads\/2022\/09\/franken1-1024x768.jpg 1024w, https:\/\/www.weinfreunde-unterland.at\/wordpress\/wp-content\/uploads\/2022\/09\/franken1-300x225.jpg 300w, https:\/\/www.weinfreunde-unterland.at\/wordpress\/wp-content\/uploads\/2022\/09\/franken1-768x576.jpg 768w, https:\/\/www.weinfreunde-unterland.at\/wordpress\/wp-content\/uploads\/2022\/09\/franken1-1536x1152.jpg 1536w, https:\/\/www.weinfreunde-unterland.at\/wordpress\/wp-content\/uploads\/2022\/09\/franken1-2048x1536.jpg 2048w, https:\/\/www.weinfreunde-unterland.at\/wordpress\/wp-content\/uploads\/2022\/09\/franken1-1320x990.jpg 1320w\" sizes=\"auto, (max-width: 1024px) 100vw, 1024px\" \/><\/figure><div class=\"wp-block-media-text__content\">\n<p class=\"has-drop-cap\">Im Mai des Jahres durften wir einen lieben Freund anl\u00e4sslich seines Geburtstages zu einem kulinarischen und vinophilen Trip in das Weinbaugebiet Franken einladen. In W\u00fcrzburg angekommen machten wir uns nach einer kurzen Besichtigung der Altstadt und der Alten Mainbr\u00fccke auf zur Staatlichen Hofkellerei und deren sehenswerter Kellerf\u00fchrung, die uns bereits wichtige Einblicke in die Entwicklung dieses Weinbaugebiets rund um &#8222;Spit\u00e4ler&#8220; und &#8222;Kurf\u00fcrsten&#8220; gab. <\/p>\n<\/div><\/div>\n\n\n\n<div class=\"wp-block-media-text alignwide has-media-on-the-right is-stacked-on-mobile\" style=\"grid-template-columns:auto 44%\"><figure class=\"wp-block-media-text__media\"><img loading=\"lazy\" decoding=\"async\" width=\"1024\" height=\"684\" src=\"https:\/\/www.weinfreunde-unterland.at\/wordpress\/wp-content\/uploads\/2022\/09\/franken4.jpg\" alt=\"\" class=\"wp-image-5152 size-full\" srcset=\"https:\/\/www.weinfreunde-unterland.at\/wordpress\/wp-content\/uploads\/2022\/09\/franken4.jpg 1024w, https:\/\/www.weinfreunde-unterland.at\/wordpress\/wp-content\/uploads\/2022\/09\/franken4-300x200.jpg 300w, https:\/\/www.weinfreunde-unterland.at\/wordpress\/wp-content\/uploads\/2022\/09\/franken4-768x513.jpg 768w\" sizes=\"auto, (max-width: 1024px) 100vw, 1024px\" \/><\/figure><div class=\"wp-block-media-text__content\">\n<p class=\"has-drop-cap\">Am n\u00e4chsten Tag ging es am fr\u00fchen &#8211; manchen zu fr\u00fchen &#8211; Morgen auf zum W\u00fcrzburger Steinpfad: Eine lustige, lehrreiche und genussvolle F\u00fchrung durch die Lagen des ber\u00fchmten &#8222;W\u00fcrzburger Steins&#8220;. Im Anschluss an die F\u00fchrung besuchten wir das &#8222;Weingut am Stein &#8211; Ludwig Knoll&#8220;. Hier konnten wir bereits die aktuelle sehr positive und moderne Entwicklung des Weinbaugebiets abseits von Bocksbeutel im Glas genie\u00dfen.  Auch moderne Interpretationen von Silvaner machten viel Spa\u00df und \u00fcberraschten mit h\u00f6chster Qualit\u00e4t. <\/p>\n<\/div><\/div>\n\n\n\n<div class=\"wp-block-media-text alignwide is-stacked-on-mobile\" style=\"grid-template-columns:24% auto\"><figure class=\"wp-block-media-text__media\"><img loading=\"lazy\" decoding=\"async\" width=\"722\" height=\"1024\" src=\"https:\/\/www.weinfreunde-unterland.at\/wordpress\/wp-content\/uploads\/2022\/09\/franken2-722x1024.jpg\" alt=\"\" class=\"wp-image-5154 size-full\" srcset=\"https:\/\/www.weinfreunde-unterland.at\/wordpress\/wp-content\/uploads\/2022\/09\/franken2-722x1024.jpg 722w, https:\/\/www.weinfreunde-unterland.at\/wordpress\/wp-content\/uploads\/2022\/09\/franken2-212x300.jpg 212w, https:\/\/www.weinfreunde-unterland.at\/wordpress\/wp-content\/uploads\/2022\/09\/franken2-768x1089.jpg 768w, https:\/\/www.weinfreunde-unterland.at\/wordpress\/wp-content\/uploads\/2022\/09\/franken2-1083x1536.jpg 1083w, https:\/\/www.weinfreunde-unterland.at\/wordpress\/wp-content\/uploads\/2022\/09\/franken2-1444x2048.jpg 1444w, https:\/\/www.weinfreunde-unterland.at\/wordpress\/wp-content\/uploads\/2022\/09\/franken2-1320x1872.jpg 1320w, https:\/\/www.weinfreunde-unterland.at\/wordpress\/wp-content\/uploads\/2022\/09\/franken2-scaled.jpg 1805w\" sizes=\"auto, (max-width: 722px) 100vw, 722px\" \/><\/figure><div class=\"wp-block-media-text__content\">\n<p class=\"has-drop-cap\">Am Nachmittag machten wir uns dann in das Weindorf Randersacker auf, wo wir einen F\u00fchrung und Verkostung beim Traditionsbetrieb &#8222;Trockene Schmitts&#8220; erleben durften. Auch hier kam der Spa\u00df nicht zu kurz und der Humor des Winzers war &#8211; im Gegensatz zu seinen Weinen &#8211; gar nicht trocken. Die Tropfen dann wirklich staubtrocken und die Wei\u00dfen auch klassisch im Bocksbeutel &#8211; ein St\u00fcck fr\u00e4nkischer Weinkultur, dass man sich einfach mit nach Hause nehmen musste. <\/p>\n<\/div><\/div>\n\n\n\n<div class=\"wp-block-media-text alignwide has-media-on-the-right is-stacked-on-mobile\" style=\"grid-template-columns:auto 41%\"><figure class=\"wp-block-media-text__media\"><img loading=\"lazy\" decoding=\"async\" width=\"957\" height=\"645\" src=\"https:\/\/www.weinfreunde-unterland.at\/wordpress\/wp-content\/uploads\/2022\/10\/ede66407-49e4-4f14-865b-a61a92d847f8.jpg\" alt=\"\" class=\"wp-image-5170 size-full\" srcset=\"https:\/\/www.weinfreunde-unterland.at\/wordpress\/wp-content\/uploads\/2022\/10\/ede66407-49e4-4f14-865b-a61a92d847f8.jpg 957w, https:\/\/www.weinfreunde-unterland.at\/wordpress\/wp-content\/uploads\/2022\/10\/ede66407-49e4-4f14-865b-a61a92d847f8-300x202.jpg 300w, https:\/\/www.weinfreunde-unterland.at\/wordpress\/wp-content\/uploads\/2022\/10\/ede66407-49e4-4f14-865b-a61a92d847f8-768x518.jpg 768w\" sizes=\"auto, (max-width: 957px) 100vw, 957px\" \/><\/figure><div class=\"wp-block-media-text__content\">\n<p class=\"has-drop-cap\">Den wundervollen kulinarischen Abschied dieses vinophilen Tages genossen wir im Michelin-Stern-Restaurant KUNO 1408 in W\u00fcrzburg. Das mehrg\u00e4ngige Degustationsmen\u00fc nahm auch immer wieder Bezug auf die Region Franken! <\/p>\n<\/div><\/div>\n\n\n\n<div class=\"wp-block-media-text alignwide is-stacked-on-mobile\" style=\"grid-template-columns:40% auto\"><figure class=\"wp-block-media-text__media\"><img loading=\"lazy\" decoding=\"async\" width=\"1024\" height=\"684\" src=\"https:\/\/www.weinfreunde-unterland.at\/wordpress\/wp-content\/uploads\/2022\/10\/48fa07ff-226c-4082-954f-f0da3c23ca5e.jpg\" alt=\"\" class=\"wp-image-5171 size-full\" srcset=\"https:\/\/www.weinfreunde-unterland.at\/wordpress\/wp-content\/uploads\/2022\/10\/48fa07ff-226c-4082-954f-f0da3c23ca5e.jpg 1024w, https:\/\/www.weinfreunde-unterland.at\/wordpress\/wp-content\/uploads\/2022\/10\/48fa07ff-226c-4082-954f-f0da3c23ca5e-300x200.jpg 300w, https:\/\/www.weinfreunde-unterland.at\/wordpress\/wp-content\/uploads\/2022\/10\/48fa07ff-226c-4082-954f-f0da3c23ca5e-768x513.jpg 768w\" sizes=\"auto, (max-width: 1024px) 100vw, 1024px\" \/><\/figure><div class=\"wp-block-media-text__content\">\n<p class=\"has-drop-cap\">Am letzten Tag unserer Weinreise ging es ganz in den Westen in das Mainviereck, wo auf Buntsandstein-B\u00f6den hervorragende Pinot Noirs gedeihen. Am Vormittag durften wir eine F\u00fchrung durch das Weingut Steintal in Klingenberg am Main inkl. Verkostung genie\u00dfen. Die k\u00fchlen Sp\u00e4tburgunder mit herausragender Mineralit\u00e4t waren ganz nach unserem Geschmack! <\/p>\n<\/div><\/div>\n\n\n\n<div class=\"wp-block-media-text alignwide has-media-on-the-right is-stacked-on-mobile\" style=\"grid-template-columns:auto 42%\"><figure class=\"wp-block-media-text__media\"><img loading=\"lazy\" decoding=\"async\" width=\"1024\" height=\"684\" src=\"https:\/\/www.weinfreunde-unterland.at\/wordpress\/wp-content\/uploads\/2022\/10\/b4bfd4b2-c9ad-411f-8d18-fff3f7da0e08.jpg\" alt=\"\" class=\"wp-image-5172 size-full\" srcset=\"https:\/\/www.weinfreunde-unterland.at\/wordpress\/wp-content\/uploads\/2022\/10\/b4bfd4b2-c9ad-411f-8d18-fff3f7da0e08.jpg 1024w, https:\/\/www.weinfreunde-unterland.at\/wordpress\/wp-content\/uploads\/2022\/10\/b4bfd4b2-c9ad-411f-8d18-fff3f7da0e08-300x200.jpg 300w, https:\/\/www.weinfreunde-unterland.at\/wordpress\/wp-content\/uploads\/2022\/10\/b4bfd4b2-c9ad-411f-8d18-fff3f7da0e08-768x513.jpg 768w\" sizes=\"auto, (max-width: 1024px) 100vw, 1024px\" \/><\/figure><div class=\"wp-block-media-text__content\">\n<p class=\"has-drop-cap\">Da das beste bekannterweise im zum Schluss kommt, ging es am Nachmittag zum Weingut Rudolf F\u00fcrst nach B\u00fcrgstadt. Der leidenschaftliche Winzer, der nicht umsonst der &#8222;Pinot-Papst von Franken&#8220; genannt wird, moderierte unsere Verkostung vor Ort und seine Tropfen sorgten f\u00fcr echte Begeisterung. Leider waren einige seiner Top-Gew\u00e4chse bereits ausverkauft. <\/p>\n<\/div><\/div>\n\n\n\n<div class=\"wp-block-media-text alignwide is-stacked-on-mobile\" style=\"grid-template-columns:43% auto\"><figure class=\"wp-block-media-text__media\"><img loading=\"lazy\" decoding=\"async\" width=\"1024\" height=\"768\" src=\"https:\/\/www.weinfreunde-unterland.at\/wordpress\/wp-content\/uploads\/2022\/10\/IMG_9228-1024x768.jpg\" alt=\"\" class=\"wp-image-5173 size-full\" srcset=\"https:\/\/www.weinfreunde-unterland.at\/wordpress\/wp-content\/uploads\/2022\/10\/IMG_9228-1024x768.jpg 1024w, https:\/\/www.weinfreunde-unterland.at\/wordpress\/wp-content\/uploads\/2022\/10\/IMG_9228-300x225.jpg 300w, https:\/\/www.weinfreunde-unterland.at\/wordpress\/wp-content\/uploads\/2022\/10\/IMG_9228-768x576.jpg 768w, https:\/\/www.weinfreunde-unterland.at\/wordpress\/wp-content\/uploads\/2022\/10\/IMG_9228-1536x1152.jpg 1536w, https:\/\/www.weinfreunde-unterland.at\/wordpress\/wp-content\/uploads\/2022\/10\/IMG_9228-2048x1536.jpg 2048w, https:\/\/www.weinfreunde-unterland.at\/wordpress\/wp-content\/uploads\/2022\/10\/IMG_9228-1320x990.jpg 1320w\" sizes=\"auto, (max-width: 1024px) 100vw, 1024px\" \/><\/figure><div class=\"wp-block-media-text__content\">\n<p class=\"has-drop-cap\">Den Ausklang dieses gelungenen Kurztrips machte das Weinfest im Zentrum von W\u00fcrzburg, wo noch einige Bocksbeutel geleert wurden. Einmal mehr hat das Weinland Deutschland eindrucksvoll gezeigt, dass es um Einiges mehr zu bieten hat, als viele \u00d6sterreicher vielleicht erwarten w\u00fcrden. <\/p>\n<\/div><\/div>\n","protected":false},"excerpt":{"rendered":"<p>Im Mai des Jahres durften wir einen lieben Freund anl\u00e4sslich seines Geburtstages zu einem kulinarischen und vinophilen Trip in das &hellip; <\/p>\n","protected":false},"author":1,"featured_media":5153,"comment_status":"open","ping_status":"open","sticky":false,"template":"","format":"standard","meta":{"ngg_post_thumbnail":0,"footnotes":""},"categories":[9,5,11],"tags":[],"class_list":["post-5156","post","type-post","status-publish","format-standard","has-post-thumbnail","hentry","category-weine","category-weinreisen","category-winzer"],"_links":{"self":[{"href":"https:\/\/www.weinfreunde-unterland.at\/wordpress\/wp-json\/wp\/v2\/posts\/5156","targetHints":{"allow":["GET"]}}],"collection":[{"href":"https:\/\/www.weinfreunde-unterland.at\/wordpress\/wp-json\/wp\/v2\/posts"}],"about":[{"href":"https:\/\/www.weinfreunde-unterland.at\/wordpress\/wp-json\/wp\/v2\/types\/post"}],"author":[{"embeddable":true,"href":"https:\/\/www.weinfreunde-unterland.at\/wordpress\/wp-json\/wp\/v2\/users\/1"}],"replies":[{"embeddable":true,"href":"https:\/\/www.weinfreunde-unterland.at\/wordpress\/wp-json\/wp\/v2\/comments?post=5156"}],"version-history":[{"count":2,"href":"https:\/\/www.weinfreunde-unterland.at\/wordpress\/wp-json\/wp\/v2\/posts\/5156\/revisions"}],"predecessor-version":[{"id":5174,"href":"https:\/\/www.weinfreunde-unterland.at\/wordpress\/wp-json\/wp\/v2\/posts\/5156\/revisions\/5174"}],"wp:featuredmedia":[{"embeddable":true,"href":"https:\/\/www.weinfreunde-unterland.at\/wordpress\/wp-json\/wp\/v2\/media\/5153"}],"wp:attachment":[{"href":"https:\/\/www.weinfreunde-unterland.at\/wordpress\/wp-json\/wp\/v2\/media?parent=5156"}],"wp:term":[{"taxonomy":"category","embeddable":true,"href":"https:\/\/www.weinfreunde-unterland.at\/wordpress\/wp-json\/wp\/v2\/categories?post=5156"},{"taxonomy":"post_tag","embeddable":true,"href":"https:\/\/www.weinfreunde-unterland.at\/wordpress\/wp-json\/wp\/v2\/tags?post=5156"}],"curies":[{"name":"wp","href":"https:\/\/api.w.org\/{rel}","templated":true}]}}