{"id":48,"date":"2007-09-24T20:03:43","date_gmt":"2007-09-24T19:03:43","guid":{"rendered":"http:\/\/www.weinfreunde-unterland.at\/wordpress\/?p=48"},"modified":"2009-04-22T20:07:46","modified_gmt":"2009-04-22T19:07:46","slug":"weinreise-sudtirol-fotoalbum","status":"publish","type":"post","link":"https:\/\/www.weinfreunde-unterland.at\/wordpress\/weinreise-sudtirol-fotoalbum\/","title":{"rendered":"Weinreise S\u00fcdtirol &#8211; Fotoalbum"},"content":{"rendered":"<p>Im September 2007 f\u00fchrte uns unsere Weinreise nach S\u00fcdtirol. Teilnehmer waren Frank Rinner, Wolfgang Rinner, Stefan Riedel, Erwin Strobl, Helmut Loinger und Josef Raffeiner.<\/p>\nngg_shortcode_0_placeholder\n","protected":false},"excerpt":{"rendered":"<p>Im September 2007 f\u00fchrte uns unsere Weinreise nach S\u00fcdtirol. Teilnehmer waren Frank Rinner, Wolfgang Rinner, Stefan Riedel, Erwin Strobl, Helmut Loinger und Josef Raffeiner.<\/p>\n","protected":false},"author":1,"featured_media":0,"comment_status":"open","ping_status":"open","sticky":false,"template":"","format":"standard","meta":{"ngg_post_thumbnail":0,"footnotes":""},"categories":[6,5],"tags":[],"class_list":["post-48","post","type-post","status-publish","format-standard","hentry","category-fotoalben","category-weinreisen"],"_links":{"self":[{"href":"https:\/\/www.weinfreunde-unterland.at\/wordpress\/wp-json\/wp\/v2\/posts\/48","targetHints":{"allow":["GET"]}}],"collection":[{"href":"https:\/\/www.weinfreunde-unterland.at\/wordpress\/wp-json\/wp\/v2\/posts"}],"about":[{"href":"https:\/\/www.weinfreunde-unterland.at\/wordpress\/wp-json\/wp\/v2\/types\/post"}],"author":[{"embeddable":true,"href":"https:\/\/www.weinfreunde-unterland.at\/wordpress\/wp-json\/wp\/v2\/users\/1"}],"replies":[{"embeddable":true,"href":"https:\/\/www.weinfreunde-unterland.at\/wordpress\/wp-json\/wp\/v2\/comments?post=48"}],"version-history":[{"count":7,"href":"https:\/\/www.weinfreunde-unterland.at\/wordpress\/wp-json\/wp\/v2\/posts\/48\/revisions"}],"predecessor-version":[{"id":259,"href":"https:\/\/www.weinfreunde-unterland.at\/wordpress\/wp-json\/wp\/v2\/posts\/48\/revisions\/259"}],"wp:attachment":[{"href":"https:\/\/www.weinfreunde-unterland.at\/wordpress\/wp-json\/wp\/v2\/media?parent=48"}],"wp:term":[{"taxonomy":"category","embeddable":true,"href":"https:\/\/www.weinfreunde-unterland.at\/wordpress\/wp-json\/wp\/v2\/categories?post=48"},{"taxonomy":"post_tag","embeddable":true,"href":"https:\/\/www.weinfreunde-unterland.at\/wordpress\/wp-json\/wp\/v2\/tags?post=48"}],"curies":[{"name":"wp","href":"https:\/\/api.w.org\/{rel}","templated":true}]}}