{"id":3417,"date":"2015-11-21T19:41:38","date_gmt":"2015-11-21T18:41:38","guid":{"rendered":"http:\/\/www.weinfreunde-unterland.at\/wordpress\/?p=3417"},"modified":"2015-11-21T19:41:38","modified_gmt":"2015-11-21T18:41:38","slug":"wein-und-genussfestival-bei-getraenkehandel-neururer","status":"publish","type":"post","link":"https:\/\/www.weinfreunde-unterland.at\/wordpress\/wein-und-genussfestival-bei-getraenkehandel-neururer\/","title":{"rendered":"Wein- und Genussfestival bei Getr\u00e4nkehandel Neururer"},"content":{"rendered":"<p><a href=\"https:\/\/www.weinfreunde-unterland.at\/wordpress\/wp-content\/uploads\/2015\/11\/20151121_143336544_iOS.jpg\"><img loading=\"lazy\" decoding=\"async\" class=\"alignleft size-medium wp-image-3420\" src=\"https:\/\/www.weinfreunde-unterland.at\/wordpress\/wp-content\/uploads\/2015\/11\/20151121_143336544_iOS-225x300.jpg\" alt=\"20151121_143336544_iOS\" width=\"225\" height=\"300\" srcset=\"https:\/\/www.weinfreunde-unterland.at\/wordpress\/wp-content\/uploads\/2015\/11\/20151121_143336544_iOS-225x300.jpg 225w, https:\/\/www.weinfreunde-unterland.at\/wordpress\/wp-content\/uploads\/2015\/11\/20151121_143336544_iOS.jpg 600w\" sizes=\"auto, (max-width: 225px) 100vw, 225px\" \/><\/a>Heute fand beim Getr\u00e4nkehandel Neururer in Schwaz das j\u00e4hrliche Wein- und Genussfestival statt. Das Event hat sich mittlerweile als sehr feine kleine Weinmesse, die mehr auf Qualit\u00e4t denn auf Quantit\u00e4t setzt, etabliert.<\/p>\n<p><a href=\"https:\/\/www.weinfreunde-unterland.at\/wordpress\/wp-content\/uploads\/2015\/11\/20151121_145428018_iOS.jpg\"><img loading=\"lazy\" decoding=\"async\" class=\"alignright size-medium wp-image-3421\" src=\"https:\/\/www.weinfreunde-unterland.at\/wordpress\/wp-content\/uploads\/2015\/11\/20151121_145428018_iOS-300x225.jpg\" alt=\"20151121_145428018_iOS\" width=\"300\" height=\"225\" srcset=\"https:\/\/www.weinfreunde-unterland.at\/wordpress\/wp-content\/uploads\/2015\/11\/20151121_145428018_iOS-300x225.jpg 300w, https:\/\/www.weinfreunde-unterland.at\/wordpress\/wp-content\/uploads\/2015\/11\/20151121_145428018_iOS.jpg 800w\" sizes=\"auto, (max-width: 300px) 100vw, 300px\" \/><\/a>Gut besucht, aber nicht \u00fcberf\u00fcllt fand man ausreichend Gelegenheit mit den anwesenden Winzern \u00fcber die Produktion ihrer Weine\u00a0zu diskutieren. Vorwiegend \u00f6sterreichische und italienische Tropfen wurden den interessierten G\u00e4sten kredenzt. Zwischendurch konnte man sich bei herzhaften Penne oder gschmackigen Kasspatzeln st\u00e4rken.<\/p>\n<p>Wir von den Weinfreunden Unterland finden dies ein sehr gelungenes Event in der Region und bei entsprechender Standhaftigkeit bei den Verkostungen konnte man durchaus auch einige echte Sch\u00e4tze entdecken! \ud83d\ude09<\/p>\n<p><a href=\"https:\/\/www.weinfreunde-unterland.at\/wordpress\/wp-content\/uploads\/2015\/11\/20151121_143240768_iOS.jpg\"><img loading=\"lazy\" decoding=\"async\" class=\"alignright size-medium wp-image-3419\" src=\"https:\/\/www.weinfreunde-unterland.at\/wordpress\/wp-content\/uploads\/2015\/11\/20151121_143240768_iOS-225x300.jpg\" alt=\"20151121_143240768_iOS\" width=\"225\" height=\"300\" srcset=\"https:\/\/www.weinfreunde-unterland.at\/wordpress\/wp-content\/uploads\/2015\/11\/20151121_143240768_iOS-225x300.jpg 225w, https:\/\/www.weinfreunde-unterland.at\/wordpress\/wp-content\/uploads\/2015\/11\/20151121_143240768_iOS.jpg 600w\" sizes=\"auto, (max-width: 225px) 100vw, 225px\" \/><\/a> <a href=\"https:\/\/www.weinfreunde-unterland.at\/wordpress\/wp-content\/uploads\/2015\/11\/20151121_134331960_iOS.jpg\"><img loading=\"lazy\" decoding=\"async\" class=\"alignleft size-medium wp-image-3418\" src=\"https:\/\/www.weinfreunde-unterland.at\/wordpress\/wp-content\/uploads\/2015\/11\/20151121_134331960_iOS-225x300.jpg\" alt=\"20151121_134331960_iOS\" width=\"225\" height=\"300\" srcset=\"https:\/\/www.weinfreunde-unterland.at\/wordpress\/wp-content\/uploads\/2015\/11\/20151121_134331960_iOS-225x300.jpg 225w, https:\/\/www.weinfreunde-unterland.at\/wordpress\/wp-content\/uploads\/2015\/11\/20151121_134331960_iOS.jpg 600w\" sizes=\"auto, (max-width: 225px) 100vw, 225px\" \/><\/a><\/p>\n","protected":false},"excerpt":{"rendered":"<p>Heute fand beim Getr\u00e4nkehandel Neururer in Schwaz das j\u00e4hrliche Wein- und Genussfestival statt. Das Event hat sich mittlerweile als sehr feine kleine Weinmesse, die mehr auf Qualit\u00e4t denn auf Quantit\u00e4t setzt, etabliert. [&#8230;]<\/p>\n","protected":false},"author":1,"featured_media":0,"comment_status":"open","ping_status":"open","sticky":false,"template":"","format":"standard","meta":{"ngg_post_thumbnail":0,"footnotes":""},"categories":[7,9,11],"tags":[],"class_list":["post-3417","post","type-post","status-publish","format-standard","hentry","category-verkostungen","category-weine","category-winzer"],"_links":{"self":[{"href":"https:\/\/www.weinfreunde-unterland.at\/wordpress\/wp-json\/wp\/v2\/posts\/3417","targetHints":{"allow":["GET"]}}],"collection":[{"href":"https:\/\/www.weinfreunde-unterland.at\/wordpress\/wp-json\/wp\/v2\/posts"}],"about":[{"href":"https:\/\/www.weinfreunde-unterland.at\/wordpress\/wp-json\/wp\/v2\/types\/post"}],"author":[{"embeddable":true,"href":"https:\/\/www.weinfreunde-unterland.at\/wordpress\/wp-json\/wp\/v2\/users\/1"}],"replies":[{"embeddable":true,"href":"https:\/\/www.weinfreunde-unterland.at\/wordpress\/wp-json\/wp\/v2\/comments?post=3417"}],"version-history":[{"count":1,"href":"https:\/\/www.weinfreunde-unterland.at\/wordpress\/wp-json\/wp\/v2\/posts\/3417\/revisions"}],"predecessor-version":[{"id":3422,"href":"https:\/\/www.weinfreunde-unterland.at\/wordpress\/wp-json\/wp\/v2\/posts\/3417\/revisions\/3422"}],"wp:attachment":[{"href":"https:\/\/www.weinfreunde-unterland.at\/wordpress\/wp-json\/wp\/v2\/media?parent=3417"}],"wp:term":[{"taxonomy":"category","embeddable":true,"href":"https:\/\/www.weinfreunde-unterland.at\/wordpress\/wp-json\/wp\/v2\/categories?post=3417"},{"taxonomy":"post_tag","embeddable":true,"href":"https:\/\/www.weinfreunde-unterland.at\/wordpress\/wp-json\/wp\/v2\/tags?post=3417"}],"curies":[{"name":"wp","href":"https:\/\/api.w.org\/{rel}","templated":true}]}}