{"id":3175,"date":"2015-01-04T20:00:05","date_gmt":"2015-01-04T19:00:05","guid":{"rendered":"http:\/\/www.weinfreunde-unterland.at\/wordpress\/?p=3175"},"modified":"2015-01-05T14:23:30","modified_gmt":"2015-01-05T13:23:30","slug":"weinreise-graubuenden-2014","status":"publish","type":"post","link":"https:\/\/www.weinfreunde-unterland.at\/wordpress\/weinreise-graubuenden-2014\/","title":{"rendered":"Weinreise Graub\u00fcnden 2014"},"content":{"rendered":"<p>Unsere Freunde vom <a href=\"http:\/\/www.ciprian.ch\/\" target=\"_blank\">Weinbau Ciprian<\/a>\u00a0hatten uns zu einem Wine &amp; Dine Ende November ins <a href=\"http:\/\/ciceroweinbau.ch\/\" target=\"_blank\">Weingut Cicero<\/a>\u00a0eingeladen und da lag es f\u00fcr uns nat\u00fcrlich auf der Hand, diesen Anlass f\u00fcr eine kurze Weinreise in die B\u00fcndner Herrschaft zu nutzen.<\/p>\n<figure id=\"attachment_3176\" aria-describedby=\"caption-attachment-3176\" style=\"width: 150px\" class=\"wp-caption alignleft\"><a href=\"https:\/\/www.weinfreunde-unterland.at\/wordpress\/wp-content\/uploads\/2015\/01\/20141114_100357747_iOS.jpg\"><img loading=\"lazy\" decoding=\"async\" class=\"wp-image-3176 size-thumbnail\" src=\"https:\/\/www.weinfreunde-unterland.at\/wordpress\/wp-content\/uploads\/2015\/01\/20141114_100357747_iOS-150x150.jpg\" alt=\"Restaurant R\u00f6ssli\" width=\"150\" height=\"150\" srcset=\"https:\/\/www.weinfreunde-unterland.at\/wordpress\/wp-content\/uploads\/2015\/01\/20141114_100357747_iOS-150x150.jpg 150w, https:\/\/www.weinfreunde-unterland.at\/wordpress\/wp-content\/uploads\/2015\/01\/20141114_100357747_iOS-144x144.jpg 144w, https:\/\/www.weinfreunde-unterland.at\/wordpress\/wp-content\/uploads\/2015\/01\/20141114_100357747_iOS-100x100.jpg 100w\" sizes=\"auto, (max-width: 150px) 100vw, 150px\" \/><\/a><figcaption id=\"caption-attachment-3176\" class=\"wp-caption-text\">Restaurant R\u00f6ssli<\/figcaption><\/figure>\n<p>Ein Vorhut brach bereits am Freitag morgen auf und st\u00e4rkte sich vor den Verkostungen mit einem Lunch in unserem &#8222;Stammlokal&#8220; in Graub\u00fcnden &#8211; dem <a title=\"Hotel Restaurant R\u00f6ssli, Bad Ragaz, Schweiz\" href=\"https:\/\/www.weinfreunde-unterland.at\/wordpress\/?p=2719\">R\u00f6ssli in Bad Ragaz<\/a>! Abermals wurden wir von der K\u00fcche von Ueli Kellerberg nicht entt\u00e4uscht.<\/p>\n<p>Bei prachtvollem Sp\u00e4therbstwetter ging es dann weiter ins <a href=\"http:\/\/www.schloss-salenegg.ch\/\" target=\"_blank\">Schloss Salenegg nach Maienfeld<\/a>. Aufgrund einer gr\u00f6\u00dferen Gesellschaft stand die Verkostung sowie die nachfolgende F\u00fchrung etwas unter Zeitdruck, aber dennoch kristallisierte sich heraus, dass im Schloss ebenfalls hervorragende Pinot Noirs gekeltert werden. Auch reichte die Zeit f\u00fcr einige Schnappsch\u00fcsse &#8211; zum Beispiel der uralten wuchtigen Torkelpresse oder des herrlichen Verkostungsraums \u00fcber den Weing\u00e4rten &#8211; aus.<\/p>\n<p>Neben den Pinot Noir Barriques 2009 und 2010 ist auch noch der AMBE &#8211; eine Jahrgangscuv\u00e9e zu erw\u00e4hnen.<\/p>\n<p>&nbsp;<\/p>\n<p><strong>Bilder Schloss Salenegg:<\/strong><\/p>\n<div id='gallery-1' class='gallery galleryid-3175 gallery-columns-4 gallery-size-thumbnail'><figure class='gallery-item'>\n\t\t\t<div class='gallery-icon portrait'>\n\t\t\t\t<a href='https:\/\/www.weinfreunde-unterland.at\/wordpress\/wp-content\/uploads\/2015\/01\/20141114_121635801_iOS.jpg'><img loading=\"lazy\" decoding=\"async\" width=\"150\" height=\"150\" src=\"https:\/\/www.weinfreunde-unterland.at\/wordpress\/wp-content\/uploads\/2015\/01\/20141114_121635801_iOS-150x150.jpg\" class=\"attachment-thumbnail size-thumbnail\" alt=\"\" srcset=\"https:\/\/www.weinfreunde-unterland.at\/wordpress\/wp-content\/uploads\/2015\/01\/20141114_121635801_iOS-150x150.jpg 150w, https:\/\/www.weinfreunde-unterland.at\/wordpress\/wp-content\/uploads\/2015\/01\/20141114_121635801_iOS-144x144.jpg 144w, https:\/\/www.weinfreunde-unterland.at\/wordpress\/wp-content\/uploads\/2015\/01\/20141114_121635801_iOS-100x100.jpg 100w\" sizes=\"auto, (max-width: 150px) 100vw, 150px\" \/><\/a>\n\t\t\t<\/div><\/figure><figure class='gallery-item'>\n\t\t\t<div class='gallery-icon portrait'>\n\t\t\t\t<a href='https:\/\/www.weinfreunde-unterland.at\/wordpress\/wp-content\/uploads\/2015\/01\/20141114_121657454_iOS.jpg'><img loading=\"lazy\" decoding=\"async\" width=\"150\" height=\"150\" src=\"https:\/\/www.weinfreunde-unterland.at\/wordpress\/wp-content\/uploads\/2015\/01\/20141114_121657454_iOS-150x150.jpg\" class=\"attachment-thumbnail size-thumbnail\" alt=\"\" srcset=\"https:\/\/www.weinfreunde-unterland.at\/wordpress\/wp-content\/uploads\/2015\/01\/20141114_121657454_iOS-150x150.jpg 150w, https:\/\/www.weinfreunde-unterland.at\/wordpress\/wp-content\/uploads\/2015\/01\/20141114_121657454_iOS-144x144.jpg 144w, https:\/\/www.weinfreunde-unterland.at\/wordpress\/wp-content\/uploads\/2015\/01\/20141114_121657454_iOS-100x100.jpg 100w\" sizes=\"auto, (max-width: 150px) 100vw, 150px\" \/><\/a>\n\t\t\t<\/div><\/figure><figure class='gallery-item'>\n\t\t\t<div class='gallery-icon landscape'>\n\t\t\t\t<a href='https:\/\/www.weinfreunde-unterland.at\/wordpress\/wp-content\/uploads\/2015\/01\/20141114_121735003_iOS.jpg'><img loading=\"lazy\" decoding=\"async\" width=\"150\" height=\"150\" src=\"https:\/\/www.weinfreunde-unterland.at\/wordpress\/wp-content\/uploads\/2015\/01\/20141114_121735003_iOS-150x150.jpg\" class=\"attachment-thumbnail size-thumbnail\" alt=\"\" srcset=\"https:\/\/www.weinfreunde-unterland.at\/wordpress\/wp-content\/uploads\/2015\/01\/20141114_121735003_iOS-150x150.jpg 150w, https:\/\/www.weinfreunde-unterland.at\/wordpress\/wp-content\/uploads\/2015\/01\/20141114_121735003_iOS-144x144.jpg 144w, https:\/\/www.weinfreunde-unterland.at\/wordpress\/wp-content\/uploads\/2015\/01\/20141114_121735003_iOS-100x100.jpg 100w\" sizes=\"auto, (max-width: 150px) 100vw, 150px\" \/><\/a>\n\t\t\t<\/div><\/figure><figure class='gallery-item'>\n\t\t\t<div class='gallery-icon landscape'>\n\t\t\t\t<a href='https:\/\/www.weinfreunde-unterland.at\/wordpress\/wp-content\/uploads\/2015\/01\/20141114_121737593_iOS.jpg'><img loading=\"lazy\" decoding=\"async\" width=\"150\" height=\"150\" src=\"https:\/\/www.weinfreunde-unterland.at\/wordpress\/wp-content\/uploads\/2015\/01\/20141114_121737593_iOS-150x150.jpg\" class=\"attachment-thumbnail size-thumbnail\" alt=\"\" srcset=\"https:\/\/www.weinfreunde-unterland.at\/wordpress\/wp-content\/uploads\/2015\/01\/20141114_121737593_iOS-150x150.jpg 150w, https:\/\/www.weinfreunde-unterland.at\/wordpress\/wp-content\/uploads\/2015\/01\/20141114_121737593_iOS-144x144.jpg 144w, https:\/\/www.weinfreunde-unterland.at\/wordpress\/wp-content\/uploads\/2015\/01\/20141114_121737593_iOS-100x100.jpg 100w\" sizes=\"auto, (max-width: 150px) 100vw, 150px\" \/><\/a>\n\t\t\t<\/div><\/figure><figure class='gallery-item'>\n\t\t\t<div class='gallery-icon landscape'>\n\t\t\t\t<a href='https:\/\/www.weinfreunde-unterland.at\/wordpress\/wp-content\/uploads\/2015\/01\/20141114_121743552_iOS.jpg'><img loading=\"lazy\" decoding=\"async\" width=\"150\" height=\"150\" src=\"https:\/\/www.weinfreunde-unterland.at\/wordpress\/wp-content\/uploads\/2015\/01\/20141114_121743552_iOS-150x150.jpg\" class=\"attachment-thumbnail size-thumbnail\" alt=\"\" srcset=\"https:\/\/www.weinfreunde-unterland.at\/wordpress\/wp-content\/uploads\/2015\/01\/20141114_121743552_iOS-150x150.jpg 150w, https:\/\/www.weinfreunde-unterland.at\/wordpress\/wp-content\/uploads\/2015\/01\/20141114_121743552_iOS-144x144.jpg 144w, https:\/\/www.weinfreunde-unterland.at\/wordpress\/wp-content\/uploads\/2015\/01\/20141114_121743552_iOS-100x100.jpg 100w\" sizes=\"auto, (max-width: 150px) 100vw, 150px\" \/><\/a>\n\t\t\t<\/div><\/figure><figure class='gallery-item'>\n\t\t\t<div class='gallery-icon landscape'>\n\t\t\t\t<a href='https:\/\/www.weinfreunde-unterland.at\/wordpress\/wp-content\/uploads\/2015\/01\/20141114_121928859_iOS.jpg'><img loading=\"lazy\" decoding=\"async\" width=\"150\" height=\"150\" src=\"https:\/\/www.weinfreunde-unterland.at\/wordpress\/wp-content\/uploads\/2015\/01\/20141114_121928859_iOS-150x150.jpg\" class=\"attachment-thumbnail size-thumbnail\" alt=\"\" srcset=\"https:\/\/www.weinfreunde-unterland.at\/wordpress\/wp-content\/uploads\/2015\/01\/20141114_121928859_iOS-150x150.jpg 150w, https:\/\/www.weinfreunde-unterland.at\/wordpress\/wp-content\/uploads\/2015\/01\/20141114_121928859_iOS-144x144.jpg 144w, https:\/\/www.weinfreunde-unterland.at\/wordpress\/wp-content\/uploads\/2015\/01\/20141114_121928859_iOS-100x100.jpg 100w\" sizes=\"auto, (max-width: 150px) 100vw, 150px\" \/><\/a>\n\t\t\t<\/div><\/figure><figure class='gallery-item'>\n\t\t\t<div class='gallery-icon landscape'>\n\t\t\t\t<a href='https:\/\/www.weinfreunde-unterland.at\/wordpress\/wp-content\/uploads\/2015\/01\/20141114_122110923_iOS.jpg'><img loading=\"lazy\" decoding=\"async\" width=\"150\" height=\"150\" src=\"https:\/\/www.weinfreunde-unterland.at\/wordpress\/wp-content\/uploads\/2015\/01\/20141114_122110923_iOS-150x150.jpg\" class=\"attachment-thumbnail size-thumbnail\" alt=\"\" srcset=\"https:\/\/www.weinfreunde-unterland.at\/wordpress\/wp-content\/uploads\/2015\/01\/20141114_122110923_iOS-150x150.jpg 150w, https:\/\/www.weinfreunde-unterland.at\/wordpress\/wp-content\/uploads\/2015\/01\/20141114_122110923_iOS-144x144.jpg 144w, https:\/\/www.weinfreunde-unterland.at\/wordpress\/wp-content\/uploads\/2015\/01\/20141114_122110923_iOS-100x100.jpg 100w\" sizes=\"auto, (max-width: 150px) 100vw, 150px\" \/><\/a>\n\t\t\t<\/div><\/figure><figure class='gallery-item'>\n\t\t\t<div class='gallery-icon landscape'>\n\t\t\t\t<a href='https:\/\/www.weinfreunde-unterland.at\/wordpress\/wp-content\/uploads\/2015\/01\/20141114_122125869_iOS.jpg'><img loading=\"lazy\" decoding=\"async\" width=\"150\" height=\"150\" src=\"https:\/\/www.weinfreunde-unterland.at\/wordpress\/wp-content\/uploads\/2015\/01\/20141114_122125869_iOS-150x150.jpg\" class=\"attachment-thumbnail size-thumbnail\" alt=\"\" srcset=\"https:\/\/www.weinfreunde-unterland.at\/wordpress\/wp-content\/uploads\/2015\/01\/20141114_122125869_iOS-150x150.jpg 150w, https:\/\/www.weinfreunde-unterland.at\/wordpress\/wp-content\/uploads\/2015\/01\/20141114_122125869_iOS-144x144.jpg 144w, https:\/\/www.weinfreunde-unterland.at\/wordpress\/wp-content\/uploads\/2015\/01\/20141114_122125869_iOS-100x100.jpg 100w\" sizes=\"auto, (max-width: 150px) 100vw, 150px\" \/><\/a>\n\t\t\t<\/div><\/figure><figure class='gallery-item'>\n\t\t\t<div class='gallery-icon landscape'>\n\t\t\t\t<a href='https:\/\/www.weinfreunde-unterland.at\/wordpress\/wp-content\/uploads\/2015\/01\/20141114_124112458_iOS.jpg'><img loading=\"lazy\" decoding=\"async\" width=\"150\" height=\"150\" src=\"https:\/\/www.weinfreunde-unterland.at\/wordpress\/wp-content\/uploads\/2015\/01\/20141114_124112458_iOS-150x150.jpg\" class=\"attachment-thumbnail size-thumbnail\" alt=\"\" srcset=\"https:\/\/www.weinfreunde-unterland.at\/wordpress\/wp-content\/uploads\/2015\/01\/20141114_124112458_iOS-150x150.jpg 150w, https:\/\/www.weinfreunde-unterland.at\/wordpress\/wp-content\/uploads\/2015\/01\/20141114_124112458_iOS-144x144.jpg 144w, https:\/\/www.weinfreunde-unterland.at\/wordpress\/wp-content\/uploads\/2015\/01\/20141114_124112458_iOS-100x100.jpg 100w\" sizes=\"auto, (max-width: 150px) 100vw, 150px\" \/><\/a>\n\t\t\t<\/div><\/figure><figure class='gallery-item'>\n\t\t\t<div class='gallery-icon portrait'>\n\t\t\t\t<a href='https:\/\/www.weinfreunde-unterland.at\/wordpress\/wp-content\/uploads\/2015\/01\/20141114_124123296_iOS.jpg'><img loading=\"lazy\" decoding=\"async\" width=\"150\" height=\"150\" src=\"https:\/\/www.weinfreunde-unterland.at\/wordpress\/wp-content\/uploads\/2015\/01\/20141114_124123296_iOS-150x150.jpg\" class=\"attachment-thumbnail size-thumbnail\" alt=\"\" srcset=\"https:\/\/www.weinfreunde-unterland.at\/wordpress\/wp-content\/uploads\/2015\/01\/20141114_124123296_iOS-150x150.jpg 150w, https:\/\/www.weinfreunde-unterland.at\/wordpress\/wp-content\/uploads\/2015\/01\/20141114_124123296_iOS-144x144.jpg 144w, https:\/\/www.weinfreunde-unterland.at\/wordpress\/wp-content\/uploads\/2015\/01\/20141114_124123296_iOS-100x100.jpg 100w\" sizes=\"auto, (max-width: 150px) 100vw, 150px\" \/><\/a>\n\t\t\t<\/div><\/figure><figure class='gallery-item'>\n\t\t\t<div class='gallery-icon portrait'>\n\t\t\t\t<a href='https:\/\/www.weinfreunde-unterland.at\/wordpress\/wp-content\/uploads\/2015\/01\/20141114_124147606_iOS.jpg'><img loading=\"lazy\" decoding=\"async\" width=\"150\" height=\"150\" src=\"https:\/\/www.weinfreunde-unterland.at\/wordpress\/wp-content\/uploads\/2015\/01\/20141114_124147606_iOS-150x150.jpg\" class=\"attachment-thumbnail size-thumbnail\" alt=\"\" srcset=\"https:\/\/www.weinfreunde-unterland.at\/wordpress\/wp-content\/uploads\/2015\/01\/20141114_124147606_iOS-150x150.jpg 150w, https:\/\/www.weinfreunde-unterland.at\/wordpress\/wp-content\/uploads\/2015\/01\/20141114_124147606_iOS-144x144.jpg 144w, https:\/\/www.weinfreunde-unterland.at\/wordpress\/wp-content\/uploads\/2015\/01\/20141114_124147606_iOS-100x100.jpg 100w\" sizes=\"auto, (max-width: 150px) 100vw, 150px\" \/><\/a>\n\t\t\t<\/div><\/figure><figure class='gallery-item'>\n\t\t\t<div class='gallery-icon portrait'>\n\t\t\t\t<a href='https:\/\/www.weinfreunde-unterland.at\/wordpress\/wp-content\/uploads\/2015\/01\/20141114_124408468_iOS.jpg'><img loading=\"lazy\" decoding=\"async\" width=\"150\" height=\"150\" src=\"https:\/\/www.weinfreunde-unterland.at\/wordpress\/wp-content\/uploads\/2015\/01\/20141114_124408468_iOS-150x150.jpg\" class=\"attachment-thumbnail size-thumbnail\" alt=\"\" srcset=\"https:\/\/www.weinfreunde-unterland.at\/wordpress\/wp-content\/uploads\/2015\/01\/20141114_124408468_iOS-150x150.jpg 150w, https:\/\/www.weinfreunde-unterland.at\/wordpress\/wp-content\/uploads\/2015\/01\/20141114_124408468_iOS-144x144.jpg 144w, https:\/\/www.weinfreunde-unterland.at\/wordpress\/wp-content\/uploads\/2015\/01\/20141114_124408468_iOS-100x100.jpg 100w\" sizes=\"auto, (max-width: 150px) 100vw, 150px\" \/><\/a>\n\t\t\t<\/div><\/figure><figure class='gallery-item'>\n\t\t\t<div class='gallery-icon landscape'>\n\t\t\t\t<a href='https:\/\/www.weinfreunde-unterland.at\/wordpress\/wp-content\/uploads\/2015\/01\/20141114_124716382_iOS.jpg'><img loading=\"lazy\" decoding=\"async\" width=\"150\" height=\"150\" src=\"https:\/\/www.weinfreunde-unterland.at\/wordpress\/wp-content\/uploads\/2015\/01\/20141114_124716382_iOS-150x150.jpg\" class=\"attachment-thumbnail size-thumbnail\" alt=\"\" srcset=\"https:\/\/www.weinfreunde-unterland.at\/wordpress\/wp-content\/uploads\/2015\/01\/20141114_124716382_iOS-150x150.jpg 150w, https:\/\/www.weinfreunde-unterland.at\/wordpress\/wp-content\/uploads\/2015\/01\/20141114_124716382_iOS-144x144.jpg 144w, https:\/\/www.weinfreunde-unterland.at\/wordpress\/wp-content\/uploads\/2015\/01\/20141114_124716382_iOS-100x100.jpg 100w\" sizes=\"auto, (max-width: 150px) 100vw, 150px\" \/><\/a>\n\t\t\t<\/div><\/figure><figure class='gallery-item'>\n\t\t\t<div class='gallery-icon landscape'>\n\t\t\t\t<a href='https:\/\/www.weinfreunde-unterland.at\/wordpress\/wp-content\/uploads\/2015\/01\/20141114_124723129_iOS.jpg'><img loading=\"lazy\" decoding=\"async\" width=\"150\" height=\"150\" src=\"https:\/\/www.weinfreunde-unterland.at\/wordpress\/wp-content\/uploads\/2015\/01\/20141114_124723129_iOS-150x150.jpg\" class=\"attachment-thumbnail size-thumbnail\" alt=\"\" srcset=\"https:\/\/www.weinfreunde-unterland.at\/wordpress\/wp-content\/uploads\/2015\/01\/20141114_124723129_iOS-150x150.jpg 150w, https:\/\/www.weinfreunde-unterland.at\/wordpress\/wp-content\/uploads\/2015\/01\/20141114_124723129_iOS-144x144.jpg 144w, https:\/\/www.weinfreunde-unterland.at\/wordpress\/wp-content\/uploads\/2015\/01\/20141114_124723129_iOS-100x100.jpg 100w\" sizes=\"auto, (max-width: 150px) 100vw, 150px\" \/><\/a>\n\t\t\t<\/div><\/figure><figure class='gallery-item'>\n\t\t\t<div class='gallery-icon landscape'>\n\t\t\t\t<a href='https:\/\/www.weinfreunde-unterland.at\/wordpress\/wp-content\/uploads\/2015\/01\/20141114_124731774_iOS.jpg'><img loading=\"lazy\" decoding=\"async\" width=\"150\" height=\"150\" src=\"https:\/\/www.weinfreunde-unterland.at\/wordpress\/wp-content\/uploads\/2015\/01\/20141114_124731774_iOS-150x150.jpg\" class=\"attachment-thumbnail size-thumbnail\" alt=\"\" srcset=\"https:\/\/www.weinfreunde-unterland.at\/wordpress\/wp-content\/uploads\/2015\/01\/20141114_124731774_iOS-150x150.jpg 150w, https:\/\/www.weinfreunde-unterland.at\/wordpress\/wp-content\/uploads\/2015\/01\/20141114_124731774_iOS-144x144.jpg 144w, https:\/\/www.weinfreunde-unterland.at\/wordpress\/wp-content\/uploads\/2015\/01\/20141114_124731774_iOS-100x100.jpg 100w\" sizes=\"auto, (max-width: 150px) 100vw, 150px\" \/><\/a>\n\t\t\t<\/div><\/figure><figure class='gallery-item'>\n\t\t\t<div class='gallery-icon landscape'>\n\t\t\t\t<a href='https:\/\/www.weinfreunde-unterland.at\/wordpress\/wp-content\/uploads\/2015\/01\/20141114_124744240_iOS.jpg'><img loading=\"lazy\" decoding=\"async\" width=\"150\" height=\"150\" src=\"https:\/\/www.weinfreunde-unterland.at\/wordpress\/wp-content\/uploads\/2015\/01\/20141114_124744240_iOS-150x150.jpg\" class=\"attachment-thumbnail size-thumbnail\" alt=\"\" srcset=\"https:\/\/www.weinfreunde-unterland.at\/wordpress\/wp-content\/uploads\/2015\/01\/20141114_124744240_iOS-150x150.jpg 150w, https:\/\/www.weinfreunde-unterland.at\/wordpress\/wp-content\/uploads\/2015\/01\/20141114_124744240_iOS-144x144.jpg 144w, https:\/\/www.weinfreunde-unterland.at\/wordpress\/wp-content\/uploads\/2015\/01\/20141114_124744240_iOS-100x100.jpg 100w\" sizes=\"auto, (max-width: 150px) 100vw, 150px\" \/><\/a>\n\t\t\t<\/div><\/figure>\n\t\t<\/div>\n\n<p><a href=\"https:\/\/www.weinfreunde-unterland.at\/wordpress\/wp-content\/uploads\/2015\/01\/20141114_141255711_iOS.jpg\"><img loading=\"lazy\" decoding=\"async\" class=\"alignright size-medium wp-image-3196\" src=\"https:\/\/www.weinfreunde-unterland.at\/wordpress\/wp-content\/uploads\/2015\/01\/20141114_141255711_iOS-300x160.jpg\" alt=\"20141114_141255711_iOS\" width=\"300\" height=\"160\" srcset=\"https:\/\/www.weinfreunde-unterland.at\/wordpress\/wp-content\/uploads\/2015\/01\/20141114_141255711_iOS-300x160.jpg 300w, https:\/\/www.weinfreunde-unterland.at\/wordpress\/wp-content\/uploads\/2015\/01\/20141114_141255711_iOS-1024x547.jpg 1024w, https:\/\/www.weinfreunde-unterland.at\/wordpress\/wp-content\/uploads\/2015\/01\/20141114_141255711_iOS-900x481.jpg 900w, https:\/\/www.weinfreunde-unterland.at\/wordpress\/wp-content\/uploads\/2015\/01\/20141114_141255711_iOS.jpg 1632w\" sizes=\"auto, (max-width: 300px) 100vw, 300px\" \/><\/a>Anschlie\u00dfend ging es weiter nach Fl\u00e4sch, wo wir das entstandene Zeitfenster nutzten, um einen alten Bekannten &#8211; <a href=\"http:\/\/www.adank-weine.ch\/\" target=\"_blank\">Hansruedi Adank<\/a> &#8211; aufzusuchen. Wir hatten das Gl\u00fcck, dass Hansruedi zuf\u00e4llig Zeit hatte und prompt f\u00fcr eine Kellerf\u00fchrung und Verkostung zur Verf\u00fcgung stand. Besonders erfreulich f\u00fcr jene Reiseteilnehmer, die zum ersten Mal ins Weingut kamen, war, dass es auch noch \u00e4ltere Jahrg\u00e4nge des herrlichen Pinots zum Kaufen gibt.<\/p>\n<figure id=\"attachment_3197\" aria-describedby=\"caption-attachment-3197\" style=\"width: 300px\" class=\"wp-caption alignleft\"><a href=\"https:\/\/www.weinfreunde-unterland.at\/wordpress\/wp-content\/uploads\/2015\/01\/20141114_163701547_iOS.jpg\"><img loading=\"lazy\" decoding=\"async\" class=\"size-medium wp-image-3197\" src=\"https:\/\/www.weinfreunde-unterland.at\/wordpress\/wp-content\/uploads\/2015\/01\/20141114_163701547_iOS-300x201.jpg\" alt=\"bei Markus Adank\" width=\"300\" height=\"201\" srcset=\"https:\/\/www.weinfreunde-unterland.at\/wordpress\/wp-content\/uploads\/2015\/01\/20141114_163701547_iOS-300x201.jpg 300w, https:\/\/www.weinfreunde-unterland.at\/wordpress\/wp-content\/uploads\/2015\/01\/20141114_163701547_iOS.jpg 816w\" sizes=\"auto, (max-width: 300px) 100vw, 300px\" \/><\/a><figcaption id=\"caption-attachment-3197\" class=\"wp-caption-text\">bei Markus Adank<\/figcaption><\/figure>\n<p>Danach blieben wir in Fl\u00e4sch und auch der Nachname des Winzers blieb gleich: <a href=\"http:\/\/www.adank-weinbau.ch\/\" target=\"_blank\">Markus Adank<\/a> empfing uns in seinem Weinkeller und stellte uns den Familienbetrieb vor. Besonders erw\u00e4hnenswert ist hier der Wei\u00dfburgunder, der aber bereits ausverkauft war &#8211; kein Wunder bei diesem Preis-Leistungsverh\u00e4ltnis. Bedanken m\u00f6chten wir uns auch f\u00fcr die herzhafte Jause, die wir nach 3 Verkostungen dringend notwendig hatten.<\/p>\n<p>Den erlebnisreichen Tag konnten wir dann bei einem herrlichen Dinner im <a href=\"http:\/\/www.adlerflaesch.ch\/\" target=\"_blank\">Restaurant Adler in Fl\u00e4sch<\/a> abschlie\u00dfen.<\/p>\n<figure id=\"attachment_3198\" aria-describedby=\"caption-attachment-3198\" style=\"width: 300px\" class=\"wp-caption alignright\"><a href=\"https:\/\/www.weinfreunde-unterland.at\/wordpress\/wp-content\/uploads\/2015\/01\/20141115_104741386_iOS.jpg\"><img loading=\"lazy\" decoding=\"async\" class=\"size-medium wp-image-3198\" src=\"https:\/\/www.weinfreunde-unterland.at\/wordpress\/wp-content\/uploads\/2015\/01\/20141115_104741386_iOS-300x225.jpg\" alt=\"bei Christian Hermann\" width=\"300\" height=\"225\" srcset=\"https:\/\/www.weinfreunde-unterland.at\/wordpress\/wp-content\/uploads\/2015\/01\/20141115_104741386_iOS-300x225.jpg 300w, https:\/\/www.weinfreunde-unterland.at\/wordpress\/wp-content\/uploads\/2015\/01\/20141115_104741386_iOS-1024x768.jpg 1024w, https:\/\/www.weinfreunde-unterland.at\/wordpress\/wp-content\/uploads\/2015\/01\/20141115_104741386_iOS-900x675.jpg 900w\" sizes=\"auto, (max-width: 300px) 100vw, 300px\" \/><\/a><figcaption id=\"caption-attachment-3198\" class=\"wp-caption-text\">bei Christian Hermann<\/figcaption><\/figure>\n<p>Am Samstag Vormittag ging es dann in Fl\u00e4sch weiter und wir trafen uns mit den nachgereisten Weinfreunden bei <a href=\"http:\/\/www.hermann.ch\/\" target=\"_blank\">Christian Hermann<\/a>, wo wir u.a. die Gelegenheit bekamen, verschiedene Weine des Spitzen-Pinot Noirs &#8222;H&#8220; zu verkosten.<\/p>\n<p>Anschlie\u00dfend zog es uns weiter nach Malans, wo unser Mario abermals einen Termin beim Starwinzer Thomas Studach organisiert hatte k\u00f6nnen. Auch hier gab es \u00e4ltere Jahrg\u00e4nge des herrlichen Pinot Noirs zu verkosten.<\/p>\n<p>Wir blieben in Malans und st\u00e4rkten uns mit einer B\u00fcndner Platte im <a href=\"http:\/\/www.donatsch.info\/\" target=\"_blank\">Goldenen Ochsenen von Thomas\u00a0Donatsch<\/a>. Eine Verkostung war hier nicht eingeplant, allerdings gab es eine F\u00fchrung durch die sehenswerten Keller des Weingutes.<\/p>\n<p>Das Highlight fand dann aber zweifelsohne am Abend statt: In sehr gem\u00fctlicher Runde konnten wir beim Wine &amp; Dine viele Jahrg\u00e4nge des Ciprian-Pinot Noirs verkosten, aber auch zahlreiche neue Kontakte zu Schweizer Weinliebhabern kn\u00fcpfen! Wir bedanken uns f\u00fcr die tolle Einladung und freuen uns schon auf ein Wiedersehen!<\/p>\n","protected":false},"excerpt":{"rendered":"<p>Unsere Freunde vom Weinbau Ciprian hatten uns zu einem Wine &#038; Dine Ende November ins Weingut Cicero eingeladen und da lag es f\u00fcr uns nat\u00fcrlich auf der Hand, diesen Anlass f\u00fcr eine kurze Weinreise in die B\u00fcndner Herrschaft zu nutzen. [&#8230;]<\/p>\n","protected":false},"author":1,"featured_media":0,"comment_status":"open","ping_status":"open","sticky":false,"template":"","format":"standard","meta":{"ngg_post_thumbnail":0,"footnotes":""},"categories":[7,5],"tags":[],"class_list":["post-3175","post","type-post","status-publish","format-standard","hentry","category-verkostungen","category-weinreisen"],"_links":{"self":[{"href":"https:\/\/www.weinfreunde-unterland.at\/wordpress\/wp-json\/wp\/v2\/posts\/3175","targetHints":{"allow":["GET"]}}],"collection":[{"href":"https:\/\/www.weinfreunde-unterland.at\/wordpress\/wp-json\/wp\/v2\/posts"}],"about":[{"href":"https:\/\/www.weinfreunde-unterland.at\/wordpress\/wp-json\/wp\/v2\/types\/post"}],"author":[{"embeddable":true,"href":"https:\/\/www.weinfreunde-unterland.at\/wordpress\/wp-json\/wp\/v2\/users\/1"}],"replies":[{"embeddable":true,"href":"https:\/\/www.weinfreunde-unterland.at\/wordpress\/wp-json\/wp\/v2\/comments?post=3175"}],"version-history":[{"count":4,"href":"https:\/\/www.weinfreunde-unterland.at\/wordpress\/wp-json\/wp\/v2\/posts\/3175\/revisions"}],"predecessor-version":[{"id":3199,"href":"https:\/\/www.weinfreunde-unterland.at\/wordpress\/wp-json\/wp\/v2\/posts\/3175\/revisions\/3199"}],"wp:attachment":[{"href":"https:\/\/www.weinfreunde-unterland.at\/wordpress\/wp-json\/wp\/v2\/media?parent=3175"}],"wp:term":[{"taxonomy":"category","embeddable":true,"href":"https:\/\/www.weinfreunde-unterland.at\/wordpress\/wp-json\/wp\/v2\/categories?post=3175"},{"taxonomy":"post_tag","embeddable":true,"href":"https:\/\/www.weinfreunde-unterland.at\/wordpress\/wp-json\/wp\/v2\/tags?post=3175"}],"curies":[{"name":"wp","href":"https:\/\/api.w.org\/{rel}","templated":true}]}}