{"id":2245,"date":"2013-04-10T15:52:10","date_gmt":"2013-04-10T13:52:10","guid":{"rendered":"http:\/\/www.weinfreunde-unterland.at\/wordpress\/?p=2245"},"modified":"2013-04-10T15:52:10","modified_gmt":"2013-04-10T13:52:10","slug":"kultweine-aus-osterreich-und-fruhlingsspezialitaten","status":"publish","type":"post","link":"https:\/\/www.weinfreunde-unterland.at\/wordpress\/kultweine-aus-osterreich-und-fruhlingsspezialitaten\/","title":{"rendered":"Kultweine aus \u00d6sterreich und Fr\u00fchlingsspezialit\u00e4ten"},"content":{"rendered":"<p>KOMMEN, VERKOSTEN und GENIESSEN!<\/p>\n<p>Neue Weine in der Eurogast Riedhart Vinothek!<\/p>\n<p>Unser Weinfreund <strong>Bernhard Kammerlander<\/strong> hat der Weinprogram bei Eurogast Riedhart ausgebaut.<\/p>\n<p><b>Weinakademikerin Julia Sevenich<\/b> pr\u00e4sentiert<b> <\/b>Kultweine von Alzinger, Br\u00fcndlmayer, Sabathi und Markowitsch mit Fr\u00fchlingsspezialit\u00e4ten aus der Riedhart Frischdienst Abteilung in der Eurogast Riedhart Vinothek.<\/p>\n<p><a href=\"https:\/\/www.weinfreunde-unterland.at\/wordpress\/wp-content\/uploads\/2013\/04\/sj01.jpg\"><img loading=\"lazy\" decoding=\"async\" class=\"alignleft size-medium wp-image-2246\" alt=\"sj01\" src=\"https:\/\/www.weinfreunde-unterland.at\/wordpress\/wp-content\/uploads\/2013\/04\/sj01-300x227.jpg\" width=\"300\" height=\"227\" srcset=\"https:\/\/www.weinfreunde-unterland.at\/wordpress\/wp-content\/uploads\/2013\/04\/sj01-300x227.jpg 300w, https:\/\/www.weinfreunde-unterland.at\/wordpress\/wp-content\/uploads\/2013\/04\/sj01-1024x776.jpg 1024w, https:\/\/www.weinfreunde-unterland.at\/wordpress\/wp-content\/uploads\/2013\/04\/sj01.jpg 1181w\" sizes=\"auto, (max-width: 300px) 100vw, 300px\" \/><\/a><\/p>\n<p>Freitag, 3. Mai, 2013 von 13-17 Uhr<\/p>\n<p>Keine Anmeldung notwendig<\/p>\n<p>&nbsp;<\/p>\n<p>Eurogast Riedhart<\/p>\n<p>Innsbruckerstrasse 96<\/p>\n<p>6300 W\u00f6rgl<\/p>\n","protected":false},"excerpt":{"rendered":"<p>Kommen, verkosten und geniessen bei Eurogast Riedhart Vinothek mit Bernhard Kammerlander und Julia Sevenich!<\/p>\n","protected":false},"author":5,"featured_media":0,"comment_status":"open","ping_status":"open","sticky":false,"template":"","format":"standard","meta":{"ngg_post_thumbnail":0,"footnotes":""},"categories":[7],"tags":[60,63,65,25,58,61,57,62,59,64],"class_list":["post-2245","post","type-post","status-publish","format-standard","hentry","category-verkostungen","tag-alzinger","tag-brundlmayer","tag-event","tag-julia7ich","tag-kammerlander","tag-markowitsch","tag-riedhart","tag-sabathi","tag-sevenich-osterreich","tag-weinverkostung"],"_links":{"self":[{"href":"https:\/\/www.weinfreunde-unterland.at\/wordpress\/wp-json\/wp\/v2\/posts\/2245","targetHints":{"allow":["GET"]}}],"collection":[{"href":"https:\/\/www.weinfreunde-unterland.at\/wordpress\/wp-json\/wp\/v2\/posts"}],"about":[{"href":"https:\/\/www.weinfreunde-unterland.at\/wordpress\/wp-json\/wp\/v2\/types\/post"}],"author":[{"embeddable":true,"href":"https:\/\/www.weinfreunde-unterland.at\/wordpress\/wp-json\/wp\/v2\/users\/5"}],"replies":[{"embeddable":true,"href":"https:\/\/www.weinfreunde-unterland.at\/wordpress\/wp-json\/wp\/v2\/comments?post=2245"}],"version-history":[{"count":5,"href":"https:\/\/www.weinfreunde-unterland.at\/wordpress\/wp-json\/wp\/v2\/posts\/2245\/revisions"}],"predecessor-version":[{"id":2251,"href":"https:\/\/www.weinfreunde-unterland.at\/wordpress\/wp-json\/wp\/v2\/posts\/2245\/revisions\/2251"}],"wp:attachment":[{"href":"https:\/\/www.weinfreunde-unterland.at\/wordpress\/wp-json\/wp\/v2\/media?parent=2245"}],"wp:term":[{"taxonomy":"category","embeddable":true,"href":"https:\/\/www.weinfreunde-unterland.at\/wordpress\/wp-json\/wp\/v2\/categories?post=2245"},{"taxonomy":"post_tag","embeddable":true,"href":"https:\/\/www.weinfreunde-unterland.at\/wordpress\/wp-json\/wp\/v2\/tags?post=2245"}],"curies":[{"name":"wp","href":"https:\/\/api.w.org\/{rel}","templated":true}]}}