{"id":1829,"date":"2012-02-14T18:30:13","date_gmt":"2012-02-14T17:30:13","guid":{"rendered":"http:\/\/www.weinfreunde-unterland.at\/wordpress\/?p=1829"},"modified":"2012-02-14T14:23:25","modified_gmt":"2012-02-14T13:23:25","slug":"chateau-lafite-rothschild-1971","status":"publish","type":"post","link":"https:\/\/www.weinfreunde-unterland.at\/wordpress\/chateau-lafite-rothschild-1971\/","title":{"rendered":"Ch\u00e2teau Lafite Rothschild 1971"},"content":{"rendered":"<p><a href=\"https:\/\/www.weinfreunde-unterland.at\/wordpress\/wp-content\/uploads\/2012\/02\/Lafite-19711.png\"><img loading=\"lazy\" decoding=\"async\" class=\"alignleft size-medium wp-image-1834\" title=\"Lafite 1971\" src=\"https:\/\/www.weinfreunde-unterland.at\/wordpress\/wp-content\/uploads\/2012\/02\/Lafite-19711-87x300.png\" alt=\"\" width=\"87\" height=\"300\" srcset=\"https:\/\/www.weinfreunde-unterland.at\/wordpress\/wp-content\/uploads\/2012\/02\/Lafite-19711-87x300.png 87w, https:\/\/www.weinfreunde-unterland.at\/wordpress\/wp-content\/uploads\/2012\/02\/Lafite-19711.png 232w\" sizes=\"auto, (max-width: 87px) 100vw, 87px\" \/><\/a><\/p>\n<p>&nbsp;<\/p>\n<p>&nbsp;<\/p>\n<p>\u00a0 ..\u00a0\u00a0 soll ich heute den 71er Lafite zum Stefan mitnehmen?<\/p>\n<p>schreibt Wolfgang ganz emotionslos, und es klingt schon fast so, als ob wir\u00a0Lafite jeden Tag in rauen Mengen hinunter gie\u00dfen w\u00fcrden. \u00a0Ich versuche ruhig und gelassen zu bleiben und antworte ihm: Warum nicht, bin dabei!<\/p>\n<p>Im K\u00f6rper pures Adrenalin, Testosteron, Endorphine! Blutdruck und\u00a0Puls am Anschlag! Wie ich mich auf diesen Humpen freue!!\u00a0\u00a0 Mein Geburtsjahrgang &#8211; kann ja nur gut sein!!<\/p>\n<p>\u00a0Man \u00fcberl\u00e4sst mir die Ehre die Flasche zu \u00f6ffnen. Mit sanftem Druck versuche ich den Korken etwas nach unten zu dr\u00fccken, damit sich dieser vom Glas l\u00f6st. Einwandfrei, wie ich feststelle! Dann mit dem\u00a0Korkenzieher nachsetzen, und\u00a0&#8230;. verdammt, der Korken schwimmt in\u00a0 der Flasche!<\/p>\n<p>Reife Leistung! Wird er halt dekantiert!! Und trotz seines stolzen Alters, hat ihm das nicht geschadet!<\/p>\n<p>Im Glas ziegelrot und transparent mit relativ breiten Wasserrand.\u00a0Bet\u00f6rend in der Nase.\u00a0Etwas Kirsche und Tabak und nat\u00fcrlich terti\u00e4ren Noten. Am Gaumen relativ hohe S\u00e4ure,\u00a0 aber auch viele feinmaschig Tannine, mineralisch, sehr elegant,\u00a0gereifter Gesamteindruck. Viel Druck und sehr langer Abgang.\u00a0\u00a0F\u00fcr mich fundamentierte 18,5 Punkte und mein dritter Lafite!<\/p>\n<p><span style=\"text-decoration: underline;\"><strong>Vielen Dank:<\/strong><\/span><\/p>\n<p>Sigi, dass du ihn Wolfgang geschenkt hast, und Wolfgang, dass du ihn mitgenommen hast!<\/p>\n<p>&nbsp;<\/p>\n","protected":false},"excerpt":{"rendered":"<p>&nbsp; &nbsp; \u00a0 ..\u00a0\u00a0 soll ich heute den 71er Lafite zum Stefan mitnehmen? schreibt Wolfgang ganz emotionslos, und es klingt &hellip; <\/p>\n","protected":false},"author":2,"featured_media":0,"comment_status":"open","ping_status":"open","sticky":false,"template":"","format":"standard","meta":{"ngg_post_thumbnail":0,"footnotes":""},"categories":[9],"tags":[],"class_list":["post-1829","post","type-post","status-publish","format-standard","hentry","category-weine"],"_links":{"self":[{"href":"https:\/\/www.weinfreunde-unterland.at\/wordpress\/wp-json\/wp\/v2\/posts\/1829","targetHints":{"allow":["GET"]}}],"collection":[{"href":"https:\/\/www.weinfreunde-unterland.at\/wordpress\/wp-json\/wp\/v2\/posts"}],"about":[{"href":"https:\/\/www.weinfreunde-unterland.at\/wordpress\/wp-json\/wp\/v2\/types\/post"}],"author":[{"embeddable":true,"href":"https:\/\/www.weinfreunde-unterland.at\/wordpress\/wp-json\/wp\/v2\/users\/2"}],"replies":[{"embeddable":true,"href":"https:\/\/www.weinfreunde-unterland.at\/wordpress\/wp-json\/wp\/v2\/comments?post=1829"}],"version-history":[{"count":8,"href":"https:\/\/www.weinfreunde-unterland.at\/wordpress\/wp-json\/wp\/v2\/posts\/1829\/revisions"}],"predecessor-version":[{"id":1839,"href":"https:\/\/www.weinfreunde-unterland.at\/wordpress\/wp-json\/wp\/v2\/posts\/1829\/revisions\/1839"}],"wp:attachment":[{"href":"https:\/\/www.weinfreunde-unterland.at\/wordpress\/wp-json\/wp\/v2\/media?parent=1829"}],"wp:term":[{"taxonomy":"category","embeddable":true,"href":"https:\/\/www.weinfreunde-unterland.at\/wordpress\/wp-json\/wp\/v2\/categories?post=1829"},{"taxonomy":"post_tag","embeddable":true,"href":"https:\/\/www.weinfreunde-unterland.at\/wordpress\/wp-json\/wp\/v2\/tags?post=1829"}],"curies":[{"name":"wp","href":"https:\/\/api.w.org\/{rel}","templated":true}]}}